{"id":10020,"date":"2019-07-02T08:00:15","date_gmt":"2019-07-02T12:00:15","guid":{"rendered":"http:\/\/agendaparaguay.com\/v2\/?p=10020"},"modified":"2019-07-02T07:52:37","modified_gmt":"2019-07-02T11:52:37","slug":"francia-pedira-garantias-para-ratificar-el-acuerdo-entre-mercosur-y-la-ue","status":"publish","type":"post","link":"https:\/\/agendaparaguay.com\/v2\/2019\/07\/02\/francia-pedira-garantias-para-ratificar-el-acuerdo-entre-mercosur-y-la-ue\/","title":{"rendered":"Francia pedir\u00e1 garant\u00edas para ratificar el acuerdo entre Mercosur y la UE"},"content":{"rendered":"<p style=\"text-align: justify;\">El gobierno de Macron anunci\u00f3 que pedir\u00e1 \u00abgarant\u00edas\u00bb a los pa\u00edses del bloque latinoamericano. Su pa\u00eds ha sido uno de los m\u00e1s reacios al pacto porque teme que su influyente sector agr\u00edcola se vea afectado por la llegada masiva de productos sudamericanos al mercado.<!--more--><\/p>\n<p style=\"text-align: justify;\">Francia no est\u00e1 \u00abpor ahora preparada para ratificar\u00bb el acuerdo comercial firmado el s\u00e1bado entre la Uni\u00f3n europea y el Mercosur, tras 20 a\u00f1os de negociaciones, afirm\u00f3 el martes la portavoz del gobierno franc\u00e9s Sibeth Ndiaye.<\/p>\n<p style=\"text-align: justify;\">\u00abVamos a mirarlo con detalle y, en funci\u00f3n, de estos detalles se va a decidir\u00bb, agreg\u00f3 en una entrevista con la cadena de noticias BFM.<\/p>\n<p style=\"text-align: justify;\">Como se hizo en las negociaciones del acuerdo comercial entre la UE y Canad\u00e1, Francia pedir\u00e1 \u00abgarant\u00edas\u00bb a los pa\u00edses del Mercosur (Brasil, Argentina, Uruguay y Paraguay), a\u00f1adi\u00f3. \u00abNo puedo decirles que vamos hoy a ratificar el Mercosur (\u2026) Francia no est\u00e1 por ahora lista a ratificarlo\u00bb, asever\u00f3 Ndiaye.<\/p>\n<p style=\"text-align: justify;\">El acuerdo alcanzado el viernes por la UE y el Mercosur es el mayor jam\u00e1s firmado por el bloque europeo.<\/p>\n<p style=\"text-align: justify;\">Francia ha sido uno de los pa\u00edses m\u00e1s reacios al acuerdo porque teme que su influyente sector agr\u00edcola se vea afectado por la llegada masiva de productos sudamericanos al mercado, especialmente por las importaciones de vacuno y az\u00facar, as\u00ed como las exigencias con respecto a los compromisos ecol\u00f3gicos.<\/p>\n<p style=\"text-align: justify;\">Los ganaderos franceses, muy dependientes de las subvenciones europeas y organizados en explotaciones familiares extensivas que producen pocos ingresos (10.000 a 12.000 euros de media en 2018, seg\u00fan la Federaci\u00f3n Nacional Bovina), consideran que no lograr\u00e1n competir con las \u00abf\u00e1bricas de carne\u00bb latinoamericanas.<\/p>\n<p style=\"text-align: justify;\">Y m\u00e1s a\u00fan teniendo en cuenta las diferencias en las pr\u00e1cticas de ambos continentes, que no les favorece: mientras que en la UE cada vez hay m\u00e1s normas medioambientales, en Am\u00e9rica se usan antibi\u00f3ticos como hormonas del crecimiento y soja modificada gen\u00e9ticamente.<\/p>\n<p style=\"text-align: justify;\">Por su lado, el ministro de Transici\u00f3n Ecol\u00f3gica y Solidaria, Fran\u00e7ois de Rugy, destac\u00f3 que una de las \u00abconsecuencias indirectas\u00bb del pacto con el Mercosur es que Brasil se haya comprometido a no salir del Acuerdo de Par\u00eds sobre el clima.<\/p>\n<p style=\"text-align: justify;\">Sin embargo, record\u00f3 que el tratado comercial \u00abno ha sido ratificado a\u00fan, y no lo ser\u00e1 m\u00e1s que si Brasil respeta sus compromisos\u00bb en materia ecol\u00f3gica. \u00abNo habr\u00e1 ratificaci\u00f3n si Brasil contin\u00faa con la deforestaci\u00f3n\u00bb en el Amazonas, asever\u00f3 De Rugy, refiri\u00e9ndose a un problema que ya fue objetado por Angela Merkel ante Jair Bolsonaro.<\/p>\n<p style=\"text-align: justify;\">Fuente: Infobae.com<\/p>\n","protected":false},"excerpt":{"rendered":"<p>El gobierno de Macron anunci\u00f3 que pedir\u00e1 \u00abgarant\u00edas\u00bb a los pa\u00edses del bloque latinoamericano. Su pa\u00eds ha sido uno de los m\u00e1s reacios al pacto porque teme que su influyente&hellip; <\/p>\n","protected":false},"author":1,"featured_media":10021,"comment_status":"open","ping_status":"open","sticky":false,"template":"","format":"standard","meta":{"sfsi_plus_gutenberg_text_before_share":"","sfsi_plus_gutenberg_show_text_before_share":"","sfsi_plus_gutenberg_icon_type":"","sfsi_plus_gutenberg_icon_alignemt":"","sfsi_plus_gutenburg_max_per_row":"","footnotes":"","_jetpack_memberships_contains_paid_content":false,"jetpack_publicize_message":"","jetpack_publicize_feature_enabled":true,"jetpack_social_post_already_shared":true,"jetpack_social_options":{"image_generator_settings":{"template":"highway","enabled":false},"version":2}},"categories":[6],"tags":[],"jetpack_publicize_connections":[],"jetpack_sharing_enabled":true,"jetpack_featured_media_url":"https:\/\/agendaparaguay.com\/v2\/wp-content\/uploads\/2019\/07\/mercosur_ue.jpg","_links":{"self":[{"href":"https:\/\/agendaparaguay.com\/v2\/wp-json\/wp\/v2\/posts\/10020"}],"collection":[{"href":"https:\/\/agendaparaguay.com\/v2\/wp-json\/wp\/v2\/posts"}],"about":[{"href":"https:\/\/agendaparaguay.com\/v2\/wp-json\/wp\/v2\/types\/post"}],"author":[{"embeddable":true,"href":"https:\/\/agendaparaguay.com\/v2\/wp-json\/wp\/v2\/users\/1"}],"replies":[{"embeddable":true,"href":"https:\/\/agendaparaguay.com\/v2\/wp-json\/wp\/v2\/comments?post=10020"}],"version-history":[{"count":1,"href":"https:\/\/agendaparaguay.com\/v2\/wp-json\/wp\/v2\/posts\/10020\/revisions"}],"predecessor-version":[{"id":10022,"href":"https:\/\/agendaparaguay.com\/v2\/wp-json\/wp\/v2\/posts\/10020\/revisions\/10022"}],"wp:featuredmedia":[{"embeddable":true,"href":"https:\/\/agendaparaguay.com\/v2\/wp-json\/wp\/v2\/media\/10021"}],"wp:attachment":[{"href":"https:\/\/agendaparaguay.com\/v2\/wp-json\/wp\/v2\/media?parent=10020"}],"wp:term":[{"taxonomy":"category","embeddable":true,"href":"https:\/\/agendaparaguay.com\/v2\/wp-json\/wp\/v2\/categories?post=10020"},{"taxonomy":"post_tag","embeddable":true,"href":"https:\/\/agendaparaguay.com\/v2\/wp-json\/wp\/v2\/tags?post=10020"}],"curies":[{"name":"wp","href":"https:\/\/api.w.org\/{rel}","templated":true}]}}