{"id":10037,"date":"2019-07-02T13:30:25","date_gmt":"2019-07-02T17:30:25","guid":{"rendered":"http:\/\/agendaparaguay.com\/v2\/?p=10037"},"modified":"2019-07-02T12:17:25","modified_gmt":"2019-07-02T16:17:25","slug":"llano-anuncia-instalacion-de-molinetes-inteligentes-para-evitar-planillerismo","status":"publish","type":"post","link":"https:\/\/agendaparaguay.com\/v2\/2019\/07\/02\/llano-anuncia-instalacion-de-molinetes-inteligentes-para-evitar-planillerismo\/","title":{"rendered":"Llano anuncia instalaci\u00f3n de \u00abmolinetes inteligentes\u00bb para evitar \u00abplanillerismo\u00bb"},"content":{"rendered":"<p style=\"text-align: justify;\">El titular de la c\u00e1mara de senadores Blas Llano anunci\u00f3 en conferencia de prensa que analizan la posibilidad de llevar a cabo la instalaci\u00f3n de \u00abmolinetes inteligentes\u00bb a fin de registrar la entrada y salida de funcionarios, buscando poner fin a la situaci\u00f3n planteada por varios de ellos que registran las entradas y salidas pero no se quedan a cumplir sus respectivos horarios.<!--more--><\/p>\n<p style=\"text-align: justify;\">En este contexto, Llano explic\u00f3 que conversar\u00e1 con el titular de Diputados Pedro Alliana para unificar los criterios de control, con la intenci\u00f3n de evitar que los accesos de la c\u00e1mara baja sean utilizados por los funcionarios del Senado para eludir los controles.<\/p>\n<p style=\"text-align: justify;\">Igualmente, ratific\u00f3 que nuevo horario de permanencia de funcionarios dentro de la instituci\u00f3n es de 07:00 a 15:00 horas, es decir deben completar las 8 horas laborales como establece la ley.<\/p>\n<p style=\"text-align: justify;\">Multa a senadores raboneros<\/p>\n<p style=\"text-align: justify;\">Por otro lado, el legislador anunci\u00f3 que plantear\u00e1 a la mesa directiva la posibilidad de acordar entre todos los senadores la aplicaci\u00f3n de multas para quienes no concurran a las sesiones semanales y tampoco comuniquen o justifiquen sus ausencias.<\/p>\n<p style=\"text-align: justify;\">\u00abSi bien es cierto est\u00e1 en el reglamento interno y es aplicable, hay que entender que este es un \u00f3rgano eminentemente pol\u00edtico. Si todos los l\u00edderes de bancadas est\u00e1n dispuestos a aplicar firmaremos un acta de compromiso y llevaremos a cabo. Yo no tengo ning\u00fan problema, pero necesito el respaldo de los colegas\u00bb, expres\u00f3 Llano.<\/p>\n<p style=\"text-align: justify;\">Aclar\u00f3 que inicialmente se aplicar\u00eda con las ausencias en el pleno, y no en las comisiones asesoras.<\/p>\n","protected":false},"excerpt":{"rendered":"<p>El titular de la c\u00e1mara de senadores Blas Llano anunci\u00f3 en conferencia de prensa que analizan la posibilidad de llevar a cabo la instalaci\u00f3n de \u00abmolinetes inteligentes\u00bb a fin de&hellip; <\/p>\n","protected":false},"author":1,"featured_media":10039,"comment_status":"open","ping_status":"open","sticky":false,"template":"","format":"standard","meta":{"sfsi_plus_gutenberg_text_before_share":"","sfsi_plus_gutenberg_show_text_before_share":"","sfsi_plus_gutenberg_icon_type":"","sfsi_plus_gutenberg_icon_alignemt":"","sfsi_plus_gutenburg_max_per_row":"","footnotes":"","_jetpack_memberships_contains_paid_content":false,"jetpack_publicize_message":"","jetpack_publicize_feature_enabled":true,"jetpack_social_post_already_shared":true,"jetpack_social_options":{"image_generator_settings":{"template":"highway","enabled":false},"version":2}},"categories":[3],"tags":[],"jetpack_publicize_connections":[],"jetpack_sharing_enabled":true,"jetpack_featured_media_url":"https:\/\/agendaparaguay.com\/v2\/wp-content\/uploads\/2019\/07\/sen_blas_llano.jpg","_links":{"self":[{"href":"https:\/\/agendaparaguay.com\/v2\/wp-json\/wp\/v2\/posts\/10037"}],"collection":[{"href":"https:\/\/agendaparaguay.com\/v2\/wp-json\/wp\/v2\/posts"}],"about":[{"href":"https:\/\/agendaparaguay.com\/v2\/wp-json\/wp\/v2\/types\/post"}],"author":[{"embeddable":true,"href":"https:\/\/agendaparaguay.com\/v2\/wp-json\/wp\/v2\/users\/1"}],"replies":[{"embeddable":true,"href":"https:\/\/agendaparaguay.com\/v2\/wp-json\/wp\/v2\/comments?post=10037"}],"version-history":[{"count":1,"href":"https:\/\/agendaparaguay.com\/v2\/wp-json\/wp\/v2\/posts\/10037\/revisions"}],"predecessor-version":[{"id":10038,"href":"https:\/\/agendaparaguay.com\/v2\/wp-json\/wp\/v2\/posts\/10037\/revisions\/10038"}],"wp:featuredmedia":[{"embeddable":true,"href":"https:\/\/agendaparaguay.com\/v2\/wp-json\/wp\/v2\/media\/10039"}],"wp:attachment":[{"href":"https:\/\/agendaparaguay.com\/v2\/wp-json\/wp\/v2\/media?parent=10037"}],"wp:term":[{"taxonomy":"category","embeddable":true,"href":"https:\/\/agendaparaguay.com\/v2\/wp-json\/wp\/v2\/categories?post=10037"},{"taxonomy":"post_tag","embeddable":true,"href":"https:\/\/agendaparaguay.com\/v2\/wp-json\/wp\/v2\/tags?post=10037"}],"curies":[{"name":"wp","href":"https:\/\/api.w.org\/{rel}","templated":true}]}}