{"id":10060,"date":"2019-07-03T07:40:38","date_gmt":"2019-07-03T11:40:38","guid":{"rendered":"http:\/\/agendaparaguay.com\/v2\/?p=10060"},"modified":"2019-07-03T07:24:39","modified_gmt":"2019-07-03T11:24:39","slug":"gobierno-confirma-inicio-de-gestiones-para-resolver-tema-autopartes","status":"publish","type":"post","link":"https:\/\/agendaparaguay.com\/v2\/2019\/07\/03\/gobierno-confirma-inicio-de-gestiones-para-resolver-tema-autopartes\/","title":{"rendered":"Gobierno confirma inicio de gestiones para resolver tema Autopartes"},"content":{"rendered":"<p style=\"text-align: justify;\">La Canciller\u00eda Nacional confirm\u00f3 a trav\u00e9s de un comunicado que el Gobierno Nacional ya arbitr\u00f3 medidas inmediatas y a mediano plazo para buscar una r\u00e1pida soluci\u00f3n la situaci\u00f3n suscitada por la aplicaci\u00f3n por parte del Brasil de aranceles aduaneros a las autopartes fabricadas en Paraguay.<!--more--><\/p>\n<p style=\"text-align: justify;\">En este contexto, la Canciller\u00eda paraguaya ya orden\u00f3 al embajador ante el Brasil Hugo Saguier Caballero realice gestiones ante la Canciller\u00eda brasile\u00f1a y otras instituciones buscando salidas a la problem\u00e1tica, tras la reuni\u00f3n mantenida ayer entre los ministro Luis Alberto Castiglioni, Benigno L\u00f3pez, de Hacienda y Liz Cramer. Los secretarios de estado tambi\u00e9n ya se reunieron con representantes de los sectores de la industria de la maquila, especialmente del sector de autopartes, para informarles de las medidas a ser adoptadas.<\/p>\n<p style=\"text-align: justify;\">Karina Daher, presidenta de la C\u00e1mara de Empresas Maquiladoras del Paraguay (CEMAP), indic\u00f3 que est\u00e1n a la espera de que esta nueva negociaci\u00f3n arroje resultados positivos para los intereses del sector al que representa. \u201cConfiamos en las personas que nos van a estar representando como pa\u00eds en estas intermediaciones\u201d, apunt\u00f3 Daher,<\/p>\n<p style=\"text-align: justify;\">Inform\u00f3 que el volumen que se maneja anualmente oscila los 300 millones de d\u00f3lares en exportaciones del sector de autopartes al Brasil.<\/p>\n<p style=\"text-align: justify;\">\u201cNos reunimos con el sector de empresas maquiladoras de autopartes, motivados por una circunstancia que empez\u00f3 a desarrollarse desde el d\u00eda de ayer y el Gobierno de la Rep\u00fablica inmediatamente hizo suya esta preocupaci\u00f3n de las empresas maquiladoras\u201d, manifest\u00f3 el canciller Castiglioni.<\/p>\n<p style=\"text-align: justify;\">\u201cPor esa raz\u00f3n el Paraguay ahora propone un borrador de Acuerdo que esta tarde le voy a entregar al encargado de negocios de la embajada del Brasil en Asunci\u00f3n y a las 15 horas de Brasil, nuestro embajador Hugo Saguier Caballero har\u00e1 entrega del mismo en el Palacio Itamaraty\u201d, se\u00f1al\u00f3 el canciller.<\/p>\n","protected":false},"excerpt":{"rendered":"<p>La Canciller\u00eda Nacional confirm\u00f3 a trav\u00e9s de un comunicado que el Gobierno Nacional ya arbitr\u00f3 medidas inmediatas y a mediano plazo para buscar una r\u00e1pida soluci\u00f3n la situaci\u00f3n suscitada por&hellip; <\/p>\n","protected":false},"author":1,"featured_media":10061,"comment_status":"open","ping_status":"open","sticky":false,"template":"","format":"standard","meta":{"sfsi_plus_gutenberg_text_before_share":"","sfsi_plus_gutenberg_show_text_before_share":"","sfsi_plus_gutenberg_icon_type":"","sfsi_plus_gutenberg_icon_alignemt":"","sfsi_plus_gutenburg_max_per_row":"","footnotes":"","_jetpack_memberships_contains_paid_content":false,"jetpack_publicize_message":"","jetpack_publicize_feature_enabled":true,"jetpack_social_post_already_shared":true,"jetpack_social_options":{"image_generator_settings":{"template":"highway","enabled":false},"version":2}},"categories":[2],"tags":[],"jetpack_publicize_connections":[],"jetpack_sharing_enabled":true,"jetpack_featured_media_url":"https:\/\/agendaparaguay.com\/v2\/wp-content\/uploads\/2019\/07\/rree_maquila_agpy.jpeg","_links":{"self":[{"href":"https:\/\/agendaparaguay.com\/v2\/wp-json\/wp\/v2\/posts\/10060"}],"collection":[{"href":"https:\/\/agendaparaguay.com\/v2\/wp-json\/wp\/v2\/posts"}],"about":[{"href":"https:\/\/agendaparaguay.com\/v2\/wp-json\/wp\/v2\/types\/post"}],"author":[{"embeddable":true,"href":"https:\/\/agendaparaguay.com\/v2\/wp-json\/wp\/v2\/users\/1"}],"replies":[{"embeddable":true,"href":"https:\/\/agendaparaguay.com\/v2\/wp-json\/wp\/v2\/comments?post=10060"}],"version-history":[{"count":1,"href":"https:\/\/agendaparaguay.com\/v2\/wp-json\/wp\/v2\/posts\/10060\/revisions"}],"predecessor-version":[{"id":10062,"href":"https:\/\/agendaparaguay.com\/v2\/wp-json\/wp\/v2\/posts\/10060\/revisions\/10062"}],"wp:featuredmedia":[{"embeddable":true,"href":"https:\/\/agendaparaguay.com\/v2\/wp-json\/wp\/v2\/media\/10061"}],"wp:attachment":[{"href":"https:\/\/agendaparaguay.com\/v2\/wp-json\/wp\/v2\/media?parent=10060"}],"wp:term":[{"taxonomy":"category","embeddable":true,"href":"https:\/\/agendaparaguay.com\/v2\/wp-json\/wp\/v2\/categories?post=10060"},{"taxonomy":"post_tag","embeddable":true,"href":"https:\/\/agendaparaguay.com\/v2\/wp-json\/wp\/v2\/tags?post=10060"}],"curies":[{"name":"wp","href":"https:\/\/api.w.org\/{rel}","templated":true}]}}