{"id":10089,"date":"2019-07-03T19:57:14","date_gmt":"2019-07-03T23:57:14","guid":{"rendered":"http:\/\/agendaparaguay.com\/v2\/?p=10089"},"modified":"2019-07-03T19:57:14","modified_gmt":"2019-07-03T23:57:14","slug":"presidente-veta-totalmente-ley-de-autoblindaje","status":"publish","type":"post","link":"https:\/\/agendaparaguay.com\/v2\/2019\/07\/03\/presidente-veta-totalmente-ley-de-autoblindaje\/","title":{"rendered":"Presidente veta totalmente ley de Autoblindaje"},"content":{"rendered":"<p style=\"text-align: justify;\">Tal como anunci\u00f3 el presidente Mario Abdo Ben\u00edtez, esta tarde se dio a conocer el veto total del Poder Ejecutivo al proyecto de ley de autoblindaje. La normativa ser\u00e1 devuelta al Congreso para que los legisladores de ambas c\u00e1maras se pronuncien al respecto.<!--more--><\/p>\n<p style=\"text-align: justify;\">Se trata de la reglamentaci\u00f3n del art\u00edculo 201 de la Constituci\u00f3n Nacional que establece la P\u00e9rdida de Investidura de los parlamentarios, en el art\u00edculo que habla de las mayor\u00edas requeridas en las c\u00e1maras del Congreso.<\/p>\n<p style=\"text-align: justify;\">Para el Ejecutivo, el texto aprobado y sancionado por el legislativo es inconstitucional, ya que la carta magna aclara que si no se establecen mayor\u00edas, se requiere solo la mayor\u00eda simple para expulsar a un senador o diputado, es decir, la mitad m\u00e1s uno de los presentes en cada c\u00e1mara.<\/p>\n","protected":false},"excerpt":{"rendered":"<p>Tal como anunci\u00f3 el presidente Mario Abdo Ben\u00edtez, esta tarde se dio a conocer el veto total del Poder Ejecutivo al proyecto de ley de autoblindaje. La normativa ser\u00e1 devuelta&hellip; <\/p>\n","protected":false},"author":1,"featured_media":7881,"comment_status":"open","ping_status":"open","sticky":false,"template":"","format":"standard","meta":{"sfsi_plus_gutenberg_text_before_share":"","sfsi_plus_gutenberg_show_text_before_share":"","sfsi_plus_gutenberg_icon_type":"","sfsi_plus_gutenberg_icon_alignemt":"","sfsi_plus_gutenburg_max_per_row":"","footnotes":"","_jetpack_memberships_contains_paid_content":false,"jetpack_publicize_message":"","jetpack_publicize_feature_enabled":true,"jetpack_social_post_already_shared":true,"jetpack_social_options":{"image_generator_settings":{"template":"highway","enabled":false},"version":2}},"categories":[2],"tags":[],"jetpack_publicize_connections":[],"jetpack_sharing_enabled":true,"jetpack_featured_media_url":"https:\/\/agendaparaguay.com\/v2\/wp-content\/uploads\/2019\/05\/marito_abdo_decretos.jpg","_links":{"self":[{"href":"https:\/\/agendaparaguay.com\/v2\/wp-json\/wp\/v2\/posts\/10089"}],"collection":[{"href":"https:\/\/agendaparaguay.com\/v2\/wp-json\/wp\/v2\/posts"}],"about":[{"href":"https:\/\/agendaparaguay.com\/v2\/wp-json\/wp\/v2\/types\/post"}],"author":[{"embeddable":true,"href":"https:\/\/agendaparaguay.com\/v2\/wp-json\/wp\/v2\/users\/1"}],"replies":[{"embeddable":true,"href":"https:\/\/agendaparaguay.com\/v2\/wp-json\/wp\/v2\/comments?post=10089"}],"version-history":[{"count":1,"href":"https:\/\/agendaparaguay.com\/v2\/wp-json\/wp\/v2\/posts\/10089\/revisions"}],"predecessor-version":[{"id":10090,"href":"https:\/\/agendaparaguay.com\/v2\/wp-json\/wp\/v2\/posts\/10089\/revisions\/10090"}],"wp:featuredmedia":[{"embeddable":true,"href":"https:\/\/agendaparaguay.com\/v2\/wp-json\/wp\/v2\/media\/7881"}],"wp:attachment":[{"href":"https:\/\/agendaparaguay.com\/v2\/wp-json\/wp\/v2\/media?parent=10089"}],"wp:term":[{"taxonomy":"category","embeddable":true,"href":"https:\/\/agendaparaguay.com\/v2\/wp-json\/wp\/v2\/categories?post=10089"},{"taxonomy":"post_tag","embeddable":true,"href":"https:\/\/agendaparaguay.com\/v2\/wp-json\/wp\/v2\/tags?post=10089"}],"curies":[{"name":"wp","href":"https:\/\/api.w.org\/{rel}","templated":true}]}}