{"id":10643,"date":"2019-07-17T06:46:45","date_gmt":"2019-07-17T10:46:45","guid":{"rendered":"http:\/\/agendaparaguay.com\/v2\/?p=10643"},"modified":"2019-07-17T06:46:45","modified_gmt":"2019-07-17T10:46:45","slug":"dia-fresco-a-calido-para-este-miercoles","status":"publish","type":"post","link":"https:\/\/agendaparaguay.com\/v2\/2019\/07\/17\/dia-fresco-a-calido-para-este-miercoles\/","title":{"rendered":"D\u00eda fresco a c\u00e1lido para este mi\u00e9rcoles"},"content":{"rendered":"<p style=\"text-align: justify;\">\nLa Direcci\u00f3n de Meteorolog\u00eda anuncia para este mi\u00e9rcoles ambiente estable en todo el pa\u00eds, con bajas probabilidades de lluvia.<!--more--><\/p>\n<p style=\"text-align: justify;\">El reporte destaca que si bien el amanecer se presenta con temperatura fresca, para la tarde ya se tornar\u00eda c\u00e1lido con los vientos rotando al sector noreste. La m\u00ednima registrada esta ma\u00f1ana fue de 9 grados, mientras la m\u00e1xima prevista para esta tarde es de 24 grados.<\/p>\n<p style=\"text-align: justify;\">Meteorolog\u00eda se\u00f1ala sin embargo que aumenta la probabilidad de precipitaciones para el d\u00eda de ma\u00f1ana jueves en gran parte del territorio nacional de manera intermitente y dispersa.<\/p>\n<p style=\"text-align: justify;\">Las temperaturas extremas ir\u00edan en ascenso desde el d\u00eda de ma\u00f1ana.<\/p>\n","protected":false},"excerpt":{"rendered":"<p>La Direcci\u00f3n de Meteorolog\u00eda anuncia para este mi\u00e9rcoles ambiente estable en todo el pa\u00eds, con bajas probabilidades de lluvia.<\/p>\n","protected":false},"author":1,"featured_media":4481,"comment_status":"open","ping_status":"open","sticky":false,"template":"","format":"standard","meta":{"sfsi_plus_gutenberg_text_before_share":"","sfsi_plus_gutenberg_show_text_before_share":"","sfsi_plus_gutenberg_icon_type":"","sfsi_plus_gutenberg_icon_alignemt":"","sfsi_plus_gutenburg_max_per_row":"","footnotes":"","_jetpack_memberships_contains_paid_content":false,"jetpack_publicize_message":"","jetpack_publicize_feature_enabled":true,"jetpack_social_post_already_shared":true,"jetpack_social_options":{"image_generator_settings":{"template":"highway","enabled":false},"version":2}},"categories":[5],"tags":[],"jetpack_publicize_connections":[],"jetpack_sharing_enabled":true,"jetpack_featured_media_url":"https:\/\/agendaparaguay.com\/v2\/wp-content\/uploads\/2019\/02\/clima_dia_soleado_calor_01-5.jpg","_links":{"self":[{"href":"https:\/\/agendaparaguay.com\/v2\/wp-json\/wp\/v2\/posts\/10643"}],"collection":[{"href":"https:\/\/agendaparaguay.com\/v2\/wp-json\/wp\/v2\/posts"}],"about":[{"href":"https:\/\/agendaparaguay.com\/v2\/wp-json\/wp\/v2\/types\/post"}],"author":[{"embeddable":true,"href":"https:\/\/agendaparaguay.com\/v2\/wp-json\/wp\/v2\/users\/1"}],"replies":[{"embeddable":true,"href":"https:\/\/agendaparaguay.com\/v2\/wp-json\/wp\/v2\/comments?post=10643"}],"version-history":[{"count":1,"href":"https:\/\/agendaparaguay.com\/v2\/wp-json\/wp\/v2\/posts\/10643\/revisions"}],"predecessor-version":[{"id":10644,"href":"https:\/\/agendaparaguay.com\/v2\/wp-json\/wp\/v2\/posts\/10643\/revisions\/10644"}],"wp:featuredmedia":[{"embeddable":true,"href":"https:\/\/agendaparaguay.com\/v2\/wp-json\/wp\/v2\/media\/4481"}],"wp:attachment":[{"href":"https:\/\/agendaparaguay.com\/v2\/wp-json\/wp\/v2\/media?parent=10643"}],"wp:term":[{"taxonomy":"category","embeddable":true,"href":"https:\/\/agendaparaguay.com\/v2\/wp-json\/wp\/v2\/categories?post=10643"},{"taxonomy":"post_tag","embeddable":true,"href":"https:\/\/agendaparaguay.com\/v2\/wp-json\/wp\/v2\/tags?post=10643"}],"curies":[{"name":"wp","href":"https:\/\/api.w.org\/{rel}","templated":true}]}}