{"id":10653,"date":"2019-07-17T10:30:33","date_gmt":"2019-07-17T14:30:33","guid":{"rendered":"http:\/\/agendaparaguay.com\/v2\/?p=10653"},"modified":"2019-07-17T09:56:53","modified_gmt":"2019-07-17T13:56:53","slug":"presidente-de-la-corte-a-favor-de-transmitir-las-sesiones","status":"publish","type":"post","link":"https:\/\/agendaparaguay.com\/v2\/2019\/07\/17\/presidente-de-la-corte-a-favor-de-transmitir-las-sesiones\/","title":{"rendered":"Presidente de la Corte a favor de transmitir las sesiones"},"content":{"rendered":"<p style=\"text-align: justify;\">El Dr. Eugenio Jim\u00e9nez, titular de la Corte Suprema de Justicia confirm\u00f3 que es del criterio de que las sesiones del pleno deben ser abiertas, y no privadas, tal como plante\u00f3 ayer la Dra. Gladys Bareiro de M\u00f3dica.<!--more--><\/p>\n<p style=\"text-align: justify;\">Jim\u00e9nez asegur\u00f3 que la medida puede ser revertida y dijo que ser\u00e1 nuevamente .<\/p>\n<p style=\"text-align: justify;\">\u00abLa mec\u00e1nica del trabajo hace que se tenga que sacar much\u00edsimas resoluciones todo el d\u00eda, por eso si se va hacer de forma oral podr\u00eda retrasar el trabajo. Eso es lo que argumentan\u00bb, indic\u00f3 el presidente de la Corte.<\/p>\n<p style=\"text-align: justify;\">\u00abPor supuesto que se puede rever\u00bb, insisti\u00f3 y en caso de que se plantee confirm\u00f3 que apoyar\u00e1 con su voto. \u00abPor supuesto que s\u00ed voy a acompa\u00f1ar\u00bb, resalt\u00f3.<\/p>\n<p style=\"text-align: justify;\">El titular del Poder Judicial se suma de esta forma a la posici\u00f3n anunciada por su colega, el Dr. Manuel Ram\u00edrez Candia, quien tambi\u00e9n se pronunci\u00f3 a favor de que las sesiones sean p\u00fablicas.<\/p>\n<p style=\"text-align: justify;\">Por su parte, la nueva ministra Dra. Carolina Llanes aunque se mostro a favor de la transparencia no quiso preopinar.<\/p>\n","protected":false},"excerpt":{"rendered":"<p>El Dr. Eugenio Jim\u00e9nez, titular de la Corte Suprema de Justicia confirm\u00f3 que es del criterio de que las sesiones del pleno deben ser abiertas, y no privadas, tal como&hellip; <\/p>\n","protected":false},"author":1,"featured_media":5193,"comment_status":"open","ping_status":"open","sticky":false,"template":"","format":"standard","meta":{"sfsi_plus_gutenberg_text_before_share":"","sfsi_plus_gutenberg_show_text_before_share":"","sfsi_plus_gutenberg_icon_type":"","sfsi_plus_gutenberg_icon_alignemt":"","sfsi_plus_gutenburg_max_per_row":"","footnotes":"","_jetpack_memberships_contains_paid_content":false,"jetpack_publicize_message":"","jetpack_publicize_feature_enabled":true,"jetpack_social_post_already_shared":true,"jetpack_social_options":{"image_generator_settings":{"template":"highway","enabled":false},"version":2}},"categories":[2],"tags":[],"jetpack_publicize_connections":[],"jetpack_sharing_enabled":true,"jetpack_featured_media_url":"https:\/\/agendaparaguay.com\/v2\/wp-content\/uploads\/2019\/02\/csj_eugenio_jimenez_3.jpeg","_links":{"self":[{"href":"https:\/\/agendaparaguay.com\/v2\/wp-json\/wp\/v2\/posts\/10653"}],"collection":[{"href":"https:\/\/agendaparaguay.com\/v2\/wp-json\/wp\/v2\/posts"}],"about":[{"href":"https:\/\/agendaparaguay.com\/v2\/wp-json\/wp\/v2\/types\/post"}],"author":[{"embeddable":true,"href":"https:\/\/agendaparaguay.com\/v2\/wp-json\/wp\/v2\/users\/1"}],"replies":[{"embeddable":true,"href":"https:\/\/agendaparaguay.com\/v2\/wp-json\/wp\/v2\/comments?post=10653"}],"version-history":[{"count":1,"href":"https:\/\/agendaparaguay.com\/v2\/wp-json\/wp\/v2\/posts\/10653\/revisions"}],"predecessor-version":[{"id":10654,"href":"https:\/\/agendaparaguay.com\/v2\/wp-json\/wp\/v2\/posts\/10653\/revisions\/10654"}],"wp:featuredmedia":[{"embeddable":true,"href":"https:\/\/agendaparaguay.com\/v2\/wp-json\/wp\/v2\/media\/5193"}],"wp:attachment":[{"href":"https:\/\/agendaparaguay.com\/v2\/wp-json\/wp\/v2\/media?parent=10653"}],"wp:term":[{"taxonomy":"category","embeddable":true,"href":"https:\/\/agendaparaguay.com\/v2\/wp-json\/wp\/v2\/categories?post=10653"},{"taxonomy":"post_tag","embeddable":true,"href":"https:\/\/agendaparaguay.com\/v2\/wp-json\/wp\/v2\/tags?post=10653"}],"curies":[{"name":"wp","href":"https:\/\/api.w.org\/{rel}","templated":true}]}}