{"id":10697,"date":"2019-07-18T09:30:54","date_gmt":"2019-07-18T13:30:54","guid":{"rendered":"http:\/\/agendaparaguay.com\/v2\/?p=10697"},"modified":"2019-07-18T09:18:50","modified_gmt":"2019-07-18T13:18:50","slug":"funcionarios-se-movilizan-contra-proyecto-que-elimina-seguro-medico","status":"publish","type":"post","link":"https:\/\/agendaparaguay.com\/v2\/2019\/07\/18\/funcionarios-se-movilizan-contra-proyecto-que-elimina-seguro-medico\/","title":{"rendered":"Funcionarios se movilizan contra proyecto que elimina seguro m\u00e9dico"},"content":{"rendered":"<p style=\"text-align: justify;\">Integrantes del Frente Nacional de Funcionarios P\u00fablicos se pronunciaron nota mediante en contra del proyecto de ley presentado por el senador colorado Sergio Godoy que plantea una serie de modificaciones y recortes a los beneficios que reciben los funcionarios p\u00fablicos, tales como la eliminaci\u00f3n del seguro m\u00e9dico, entre otros.<!--more--><\/p>\n<p style=\"text-align: justify;\">Solicitan puntualmente que elimine durante el estudio del proyecto en las c\u00e1maras del congreso el art\u00edculo 3, inciso B del proyecto. Dicho art\u00edculo se\u00f1ala textualmente: \u00abQue elimina toda asignaci\u00f3n presupuestaria a la contrataci\u00f3n de seguros m\u00e9dicos privados para todo funcionario p\u00fablico\u00bb.<\/p>\n<p style=\"text-align: justify;\">El documento que ya obra en poder del titular de la c\u00e1mara alta y cuya copia fue entregada en la c\u00e1mara de diputados se\u00f1ala que \u00abla propuesta normativa atenta frontalmente contra la Constituci\u00f3n Nacional, que en su art\u00edculo 86\u00b0 establece que los derechos otorgados al trabajador son irrenunciables\u00bb, adem\u00e1s del Art. 95\u00b0 donde establece el Sistema Obligatorio e Integral de Seguridad Social para el trabajador dependiente y su familia.<\/p>\n<p style=\"text-align: justify;\">Los funcionarios afirman que el proyecto Godoy no contempla ni propone ninguna alternativa viable de cobertura integral en salud para el funcionario p\u00fablico y su familia, lo que afectar\u00eda a casi 1 mill\u00f3n de personas.<\/p>\n<p style=\"text-align: justify;\">Cabe destacar que el Frente integrados por funcionarios de varias instituciones tambi\u00e9n procedieron a la entrega de la copia del pronunciamiento a los l\u00edderes de las bancadas a quienes pidi\u00f3 acompa\u00f1amiento para lograr la eliminaci\u00f3n de dicho art\u00edculo.<\/p>\n","protected":false},"excerpt":{"rendered":"<p>Integrantes del Frente Nacional de Funcionarios P\u00fablicos se pronunciaron nota mediante en contra del proyecto de ley presentado por el senador colorado Sergio Godoy que plantea una serie de modificaciones&hellip; <\/p>\n","protected":false},"author":1,"featured_media":10698,"comment_status":"open","ping_status":"open","sticky":false,"template":"","format":"standard","meta":{"sfsi_plus_gutenberg_text_before_share":"","sfsi_plus_gutenberg_show_text_before_share":"","sfsi_plus_gutenberg_icon_type":"","sfsi_plus_gutenberg_icon_alignemt":"","sfsi_plus_gutenburg_max_per_row":"","footnotes":"","_jetpack_memberships_contains_paid_content":false,"jetpack_publicize_message":"","jetpack_publicize_feature_enabled":true,"jetpack_social_post_already_shared":true,"jetpack_social_options":{"image_generator_settings":{"template":"highway","enabled":false},"version":2}},"categories":[2],"tags":[],"jetpack_publicize_connections":[],"jetpack_sharing_enabled":true,"jetpack_featured_media_url":"https:\/\/agendaparaguay.com\/v2\/wp-content\/uploads\/2019\/07\/fachada_senado.jpg","_links":{"self":[{"href":"https:\/\/agendaparaguay.com\/v2\/wp-json\/wp\/v2\/posts\/10697"}],"collection":[{"href":"https:\/\/agendaparaguay.com\/v2\/wp-json\/wp\/v2\/posts"}],"about":[{"href":"https:\/\/agendaparaguay.com\/v2\/wp-json\/wp\/v2\/types\/post"}],"author":[{"embeddable":true,"href":"https:\/\/agendaparaguay.com\/v2\/wp-json\/wp\/v2\/users\/1"}],"replies":[{"embeddable":true,"href":"https:\/\/agendaparaguay.com\/v2\/wp-json\/wp\/v2\/comments?post=10697"}],"version-history":[{"count":1,"href":"https:\/\/agendaparaguay.com\/v2\/wp-json\/wp\/v2\/posts\/10697\/revisions"}],"predecessor-version":[{"id":10699,"href":"https:\/\/agendaparaguay.com\/v2\/wp-json\/wp\/v2\/posts\/10697\/revisions\/10699"}],"wp:featuredmedia":[{"embeddable":true,"href":"https:\/\/agendaparaguay.com\/v2\/wp-json\/wp\/v2\/media\/10698"}],"wp:attachment":[{"href":"https:\/\/agendaparaguay.com\/v2\/wp-json\/wp\/v2\/media?parent=10697"}],"wp:term":[{"taxonomy":"category","embeddable":true,"href":"https:\/\/agendaparaguay.com\/v2\/wp-json\/wp\/v2\/categories?post=10697"},{"taxonomy":"post_tag","embeddable":true,"href":"https:\/\/agendaparaguay.com\/v2\/wp-json\/wp\/v2\/tags?post=10697"}],"curies":[{"name":"wp","href":"https:\/\/api.w.org\/{rel}","templated":true}]}}