{"id":10700,"date":"2019-07-18T08:50:15","date_gmt":"2019-07-18T12:50:15","guid":{"rendered":"http:\/\/agendaparaguay.com\/v2\/?p=10700"},"modified":"2019-07-18T08:57:23","modified_gmt":"2019-07-18T12:57:23","slug":"incautan-armas-y-celulares-durante-requisa-en-penal-de-concepcion","status":"publish","type":"post","link":"https:\/\/agendaparaguay.com\/v2\/2019\/07\/18\/incautan-armas-y-celulares-durante-requisa-en-penal-de-concepcion\/","title":{"rendered":"Incautan armas y celulares durante requisa en penal de Concepci\u00f3n"},"content":{"rendered":"<p style=\"text-align: justify;\">Esta madrugada funcionarios del Ministerio de Justicia junto a la Polic\u00eda Nacional y la Fiscal\u00eda procedieron a un cateo dentro de los pabellones A, B, C y D de la Penitenciar\u00eda Regional de Concepci\u00f3n.<!--more--><\/p>\n<p style=\"text-align: justify;\">El operativo permiti\u00f3 la incautaci\u00f3n de armas blancas, aparatos celulares y cargadores. Es en el marco de un nuevo sistema de control implementado por el Ministerio de Justicia, el Ministerio Publico y la Policia Nacional, que consiste en requisas constantes y aleatorias en todos los establecimientos penitenciarios.<\/p>\n<p style=\"text-align: justify;\">El director general de Establecimientos Penitenciarios, Carlos Figueredo, coment\u00f3 que la instrucci\u00f3n recibida del ministro, Julio Javier R\u00edos, es la de continuar con las revisiones sorpresas en los penales. \u201cLa orden que tengo es la de seguir con las requisas constantes, siempre en compa\u00f1\u00eda del Ministerio P\u00fablico y de la Polic\u00eda Nacional\u201d, asegur\u00f3.<\/p>\n<p style=\"text-align: justify;\">Adem\u00e1s de Figueredo, el operativo fue encabezado por el director del penal Domingo Baz\u00e1n y la fiscala, Alicia Sapriza.<\/p>\n","protected":false},"excerpt":{"rendered":"<p>Esta madrugada funcionarios del Ministerio de Justicia junto a la Polic\u00eda Nacional y la Fiscal\u00eda procedieron a un cateo dentro de los pabellones A, B, C y D de la&hellip; <\/p>\n","protected":false},"author":1,"featured_media":10702,"comment_status":"open","ping_status":"open","sticky":false,"template":"","format":"standard","meta":{"sfsi_plus_gutenberg_text_before_share":"","sfsi_plus_gutenberg_show_text_before_share":"","sfsi_plus_gutenberg_icon_type":"","sfsi_plus_gutenberg_icon_alignemt":"","sfsi_plus_gutenburg_max_per_row":"","footnotes":"","_jetpack_memberships_contains_paid_content":false,"jetpack_publicize_message":"","jetpack_publicize_feature_enabled":true,"jetpack_social_post_already_shared":true,"jetpack_social_options":{"image_generator_settings":{"template":"highway","enabled":false},"version":2}},"categories":[5],"tags":[],"jetpack_publicize_connections":[],"jetpack_sharing_enabled":true,"jetpack_featured_media_url":"https:\/\/agendaparaguay.com\/v2\/wp-content\/uploads\/2019\/07\/requisa_penal_comcepcion.jpg","_links":{"self":[{"href":"https:\/\/agendaparaguay.com\/v2\/wp-json\/wp\/v2\/posts\/10700"}],"collection":[{"href":"https:\/\/agendaparaguay.com\/v2\/wp-json\/wp\/v2\/posts"}],"about":[{"href":"https:\/\/agendaparaguay.com\/v2\/wp-json\/wp\/v2\/types\/post"}],"author":[{"embeddable":true,"href":"https:\/\/agendaparaguay.com\/v2\/wp-json\/wp\/v2\/users\/1"}],"replies":[{"embeddable":true,"href":"https:\/\/agendaparaguay.com\/v2\/wp-json\/wp\/v2\/comments?post=10700"}],"version-history":[{"count":1,"href":"https:\/\/agendaparaguay.com\/v2\/wp-json\/wp\/v2\/posts\/10700\/revisions"}],"predecessor-version":[{"id":10701,"href":"https:\/\/agendaparaguay.com\/v2\/wp-json\/wp\/v2\/posts\/10700\/revisions\/10701"}],"wp:featuredmedia":[{"embeddable":true,"href":"https:\/\/agendaparaguay.com\/v2\/wp-json\/wp\/v2\/media\/10702"}],"wp:attachment":[{"href":"https:\/\/agendaparaguay.com\/v2\/wp-json\/wp\/v2\/media?parent=10700"}],"wp:term":[{"taxonomy":"category","embeddable":true,"href":"https:\/\/agendaparaguay.com\/v2\/wp-json\/wp\/v2\/categories?post=10700"},{"taxonomy":"post_tag","embeddable":true,"href":"https:\/\/agendaparaguay.com\/v2\/wp-json\/wp\/v2\/tags?post=10700"}],"curies":[{"name":"wp","href":"https:\/\/api.w.org\/{rel}","templated":true}]}}