{"id":10705,"date":"2019-07-18T10:20:48","date_gmt":"2019-07-18T14:20:48","guid":{"rendered":"http:\/\/agendaparaguay.com\/v2\/?p=10705"},"modified":"2019-07-18T10:17:45","modified_gmt":"2019-07-18T14:17:45","slug":"alliana-solo-representa-a-los-intereses-de-su-amo-dijo-secretario-de-abdo","status":"publish","type":"post","link":"https:\/\/agendaparaguay.com\/v2\/2019\/07\/18\/alliana-solo-representa-a-los-intereses-de-su-amo-dijo-secretario-de-abdo\/","title":{"rendered":"\u00abAlliana s\u00f3lo representa a los intereses de su amo\u00bb, dijo secretario de Abdo"},"content":{"rendered":"<p style=\"text-align: justify;\">Mauricio Esp\u00ednola, Secretario Privado Adjunto de la presidencia de la rep\u00fablica cuestion\u00f3 duramente al presidente del Partido Colorado, diputado Pedro Alliana a quien tildo de \u00abt\u00edtere de Horacio Cartes\u00bb.<!--more--><\/p>\n<p style=\"text-align: justify;\">\u00abAlliana tiene que ubicarse en el tiempo y en el espacio. \u00c9l desde que empez\u00f3 su mandato hace 4 a\u00f1os el no actu\u00f3 como presidente de todos los colorados, ni siquiera de un movimiento. Quiero recordar las declaraciones de Horacio Cartes que dijo que \u00e9l mismo pag\u00f3 la campa\u00f1a de Alliana y seguramente Alliana se siente en deuda con su amo\u00bb, coment\u00f3 Esp\u00ednola.<\/p>\n<p style=\"text-align: justify;\">Dijo que en dialogo con referentes de varios sectores internos del Partido Colorado llegaron a la conclusi\u00f3n de que \u00abAlliana no representa al Partido Colorado y mucho menos a su movimiento, ya que el representa a los intereses de una sola persona\u00bb.<\/p>\n<p style=\"text-align: justify;\">\u00abAlliana representa solamente a los intereses de su amo\u00bb, insisti\u00f3.<\/p>\n<p style=\"text-align: justify;\">Dijo que el presidente Mario Abdo Ben\u00edtez no se inmiscuye a las cuestiones partidarias y que los comentarios de del legislador s\u00f3lo responden a los intereses de \u00absu amo\u00bb.<\/p>\n<p style=\"text-align: justify;\">\u00abPedimos a Pedro Alliana que trate de representar a todos los colorados y no de una sola persona (Horacio Cartes)\u00bb, resalt\u00f3.<\/p>\n<p style=\"text-align: justify;\">\u201cCoincidimos tanto los del Movimiento Honor Colorado como Colorado A\u00f1etete, de que Alliana ni siquiera representa al Partido Colorado y mucho menos a su Movimiento, \u00e9l representa solamente a los intereses de una sola persona, Alliana nunca actu\u00f3 como presidente del Partido Colorado, siempre actu\u00f3 como el t\u00edtere de su amo\u201d, concluy\u00f3 Esp\u00ednola.<\/p>\n","protected":false},"excerpt":{"rendered":"<p>Mauricio Esp\u00ednola, Secretario Privado Adjunto de la presidencia de la rep\u00fablica cuestion\u00f3 duramente al presidente del Partido Colorado, diputado Pedro Alliana a quien tildo de \u00abt\u00edtere de Horacio Cartes\u00bb.<\/p>\n","protected":false},"author":1,"featured_media":10706,"comment_status":"open","ping_status":"open","sticky":false,"template":"","format":"standard","meta":{"sfsi_plus_gutenberg_text_before_share":"","sfsi_plus_gutenberg_show_text_before_share":"","sfsi_plus_gutenberg_icon_type":"","sfsi_plus_gutenberg_icon_alignemt":"","sfsi_plus_gutenburg_max_per_row":"","footnotes":"","_jetpack_memberships_contains_paid_content":false,"jetpack_publicize_message":"","jetpack_publicize_feature_enabled":true,"jetpack_social_post_already_shared":true,"jetpack_social_options":{"image_generator_settings":{"template":"highway","enabled":false},"version":2}},"categories":[2],"tags":[],"jetpack_publicize_connections":[],"jetpack_sharing_enabled":true,"jetpack_featured_media_url":"https:\/\/agendaparaguay.com\/v2\/wp-content\/uploads\/2019\/07\/mauricio_espinola.jpg","_links":{"self":[{"href":"https:\/\/agendaparaguay.com\/v2\/wp-json\/wp\/v2\/posts\/10705"}],"collection":[{"href":"https:\/\/agendaparaguay.com\/v2\/wp-json\/wp\/v2\/posts"}],"about":[{"href":"https:\/\/agendaparaguay.com\/v2\/wp-json\/wp\/v2\/types\/post"}],"author":[{"embeddable":true,"href":"https:\/\/agendaparaguay.com\/v2\/wp-json\/wp\/v2\/users\/1"}],"replies":[{"embeddable":true,"href":"https:\/\/agendaparaguay.com\/v2\/wp-json\/wp\/v2\/comments?post=10705"}],"version-history":[{"count":1,"href":"https:\/\/agendaparaguay.com\/v2\/wp-json\/wp\/v2\/posts\/10705\/revisions"}],"predecessor-version":[{"id":10707,"href":"https:\/\/agendaparaguay.com\/v2\/wp-json\/wp\/v2\/posts\/10705\/revisions\/10707"}],"wp:featuredmedia":[{"embeddable":true,"href":"https:\/\/agendaparaguay.com\/v2\/wp-json\/wp\/v2\/media\/10706"}],"wp:attachment":[{"href":"https:\/\/agendaparaguay.com\/v2\/wp-json\/wp\/v2\/media?parent=10705"}],"wp:term":[{"taxonomy":"category","embeddable":true,"href":"https:\/\/agendaparaguay.com\/v2\/wp-json\/wp\/v2\/categories?post=10705"},{"taxonomy":"post_tag","embeddable":true,"href":"https:\/\/agendaparaguay.com\/v2\/wp-json\/wp\/v2\/tags?post=10705"}],"curies":[{"name":"wp","href":"https:\/\/api.w.org\/{rel}","templated":true}]}}