{"id":10886,"date":"2019-07-23T16:30:39","date_gmt":"2019-07-23T20:30:39","guid":{"rendered":"http:\/\/agendaparaguay.com\/v2\/?p=10886"},"modified":"2019-07-23T11:47:16","modified_gmt":"2019-07-23T15:47:16","slug":"cerca-de-4-mil-internos-podrian-abandonar-los-penales","status":"publish","type":"post","link":"https:\/\/agendaparaguay.com\/v2\/2019\/07\/23\/cerca-de-4-mil-internos-podrian-abandonar-los-penales\/","title":{"rendered":"Cerca de 4 mil internos podr\u00edan abandonar los penales"},"content":{"rendered":"<p style=\"text-align: justify;\">La entrada en vigencia del modificado art\u00edculo 245 del C\u00f3digo Procesal Penal a partir de hoy descomprimir\u00e1 el sistema penitenciario con el otorgamiento de medidas alternativas de reclusi\u00f3n. Seg\u00fan c\u00e1lculos, 4.000 personas privadas de libertad (PPL) que soportan una medida preventiva quedar\u00edan en libertad.<!--more--><\/p>\n<p style=\"text-align: justify;\">Alda Cardozo, directora de la Unidad de Seguimiento Procesal del Ministerio de Justicia afirma que la medida aprobada en el Congreso con apoyo del Poder Judicial y del Ejecutivo en el marco de la emergencia penitenciaria reducir\u00e1 la sobrepoblaci\u00f3n.<\/p>\n<p style=\"text-align: justify;\">\u201cEsto va a generar un pedido de asistencias masivas en las oficinas de seguimiento procesal de todas las penitenciar\u00edas. Seg\u00fan lo estimado, unas 4.000 personas privadas de libertad podr\u00edan ser beneficiadas de manera directa en los pr\u00f3ximos meses\u201d, expres\u00f3 Cardozo.<\/p>\n<p style=\"text-align: justify;\">Se genera una expectativa para quienes guardan reclusi\u00f3n, particularmente aquellos que llevan m\u00e1s de dos a tres a\u00f1os de encierro sin condena, sin acceder a ning\u00fan juicio preliminar u oral.<\/p>\n<p style=\"text-align: justify;\">La cartera de Justicia que conforma la Mesa Interinstitucional de emergencia penitenciaria, est\u00e1 tomando los recaudos para dar respuesta a una ola masiva de pedidos que a partir de la fecha podr\u00eda generarse, con el apoyo de la Corte de Justicia que ha extendido los plazos de atenci\u00f3n de los jueces en horas de la tarde.<\/p>\n<p style=\"text-align: justify;\">Cabe destacar que seg\u00fan datos del Sistema de Informaci\u00f3n Penitenciaria (SIPPy), el 79% de los 16.580 internos est\u00e1 procesado y solo el 23% cuenta con condena a la fecha.<\/p>\n","protected":false},"excerpt":{"rendered":"<p>La entrada en vigencia del modificado art\u00edculo 245 del C\u00f3digo Procesal Penal a partir de hoy descomprimir\u00e1 el sistema penitenciario con el otorgamiento de medidas alternativas de reclusi\u00f3n. Seg\u00fan c\u00e1lculos,&hellip; <\/p>\n","protected":false},"author":1,"featured_media":9447,"comment_status":"open","ping_status":"open","sticky":false,"template":"","format":"standard","meta":{"sfsi_plus_gutenberg_text_before_share":"","sfsi_plus_gutenberg_show_text_before_share":"","sfsi_plus_gutenberg_icon_type":"","sfsi_plus_gutenberg_icon_alignemt":"","sfsi_plus_gutenburg_max_per_row":"","footnotes":"","_jetpack_memberships_contains_paid_content":false,"jetpack_publicize_message":"","jetpack_publicize_feature_enabled":true,"jetpack_social_post_already_shared":true,"jetpack_social_options":{"image_generator_settings":{"template":"highway","enabled":false},"version":2}},"categories":[5],"tags":[],"jetpack_publicize_connections":[],"jetpack_sharing_enabled":true,"jetpack_featured_media_url":"https:\/\/agendaparaguay.com\/v2\/wp-content\/uploads\/2019\/06\/carcel_tacumbu.jpg","_links":{"self":[{"href":"https:\/\/agendaparaguay.com\/v2\/wp-json\/wp\/v2\/posts\/10886"}],"collection":[{"href":"https:\/\/agendaparaguay.com\/v2\/wp-json\/wp\/v2\/posts"}],"about":[{"href":"https:\/\/agendaparaguay.com\/v2\/wp-json\/wp\/v2\/types\/post"}],"author":[{"embeddable":true,"href":"https:\/\/agendaparaguay.com\/v2\/wp-json\/wp\/v2\/users\/1"}],"replies":[{"embeddable":true,"href":"https:\/\/agendaparaguay.com\/v2\/wp-json\/wp\/v2\/comments?post=10886"}],"version-history":[{"count":1,"href":"https:\/\/agendaparaguay.com\/v2\/wp-json\/wp\/v2\/posts\/10886\/revisions"}],"predecessor-version":[{"id":10887,"href":"https:\/\/agendaparaguay.com\/v2\/wp-json\/wp\/v2\/posts\/10886\/revisions\/10887"}],"wp:featuredmedia":[{"embeddable":true,"href":"https:\/\/agendaparaguay.com\/v2\/wp-json\/wp\/v2\/media\/9447"}],"wp:attachment":[{"href":"https:\/\/agendaparaguay.com\/v2\/wp-json\/wp\/v2\/media?parent=10886"}],"wp:term":[{"taxonomy":"category","embeddable":true,"href":"https:\/\/agendaparaguay.com\/v2\/wp-json\/wp\/v2\/categories?post=10886"},{"taxonomy":"post_tag","embeddable":true,"href":"https:\/\/agendaparaguay.com\/v2\/wp-json\/wp\/v2\/tags?post=10886"}],"curies":[{"name":"wp","href":"https:\/\/api.w.org\/{rel}","templated":true}]}}