{"id":11338,"date":"2019-08-02T14:18:34","date_gmt":"2019-08-02T18:18:34","guid":{"rendered":"http:\/\/agendaparaguay.com\/v2\/?p=11338"},"modified":"2019-08-02T20:51:01","modified_gmt":"2019-08-03T00:51:01","slug":"presidente-del-congreso-exige-a-abdo-destitucion-de-concejeros-de-itaipu","status":"publish","type":"post","link":"https:\/\/agendaparaguay.com\/v2\/2019\/08\/02\/presidente-del-congreso-exige-a-abdo-destitucion-de-concejeros-de-itaipu\/","title":{"rendered":"Llano exige a Abdo destituci\u00f3n de consejeros de Itaipu"},"content":{"rendered":"<ol>\n<li style=\"text-align: justify;\">El presidente de la c\u00e1mara de Senderes Blas Llano exigi\u00f3 a trav\u00e9s de su cuenta en twitter la inmediata remoci\u00f3n de todos los miembros del Consejo de la Itaipu Binacional, as\u00ed como los concejeros del Instituto de Previsi\u00f3n Social.<!--more--><\/li>\n<\/ol>\n<p style=\"text-align: justify;\">Llano exige igualmente la conformaci\u00f3n de una mesa de trabajo, absolutamente pluralista, integrada por los mejores t\u00e9cnicos paraguayos sin ning\u00fan tipo de distinci\u00f3n pol\u00edtica o sectaria, para llevara delante las negociaciones vinculadas tanto a la Entidad Binacional Yacyreta como la Itaipui Binaciona.<\/p>\n<blockquote class=\"twitter-tweet\" data-width=\"550\" data-dnt=\"true\">\n<p lang=\"es\" dir=\"ltr\">(1\/2) En mi car\u00e1cter de presidente del Congreso Nacional, exijo al presidente de la Rep\u00fablica, <a href=\"https:\/\/twitter.com\/MaritoAbdo?ref_src=twsrc%5Etfw\">@MaritoAbdo<\/a>:<br \/>&#8211; La inmediata destituci\u00f3n de los consejeros de la Itaipu Binacional y de los consejeros del Instituto de Previsi\u00f3n Social.<\/p>\n<p>&mdash; Blas Llano (@BlasLlanoPy) <a href=\"https:\/\/twitter.com\/BlasLlanoPy\/status\/1157345810562080768?ref_src=twsrc%5Etfw\">August 2, 2019<\/a><\/p><\/blockquote>\n<p><script async src=\"https:\/\/platform.twitter.com\/widgets.js\" charset=\"utf-8\"><\/script><\/p>\n<p style=\"text-align: justify;\">\n","protected":false},"excerpt":{"rendered":"<p>El presidente de la c\u00e1mara de Senderes Blas Llano exigi\u00f3 a trav\u00e9s de su cuenta en twitter la inmediata remoci\u00f3n de todos los miembros del Consejo de la Itaipu Binacional,&hellip; <\/p>\n","protected":false},"author":1,"featured_media":10298,"comment_status":"open","ping_status":"open","sticky":false,"template":"","format":"standard","meta":{"sfsi_plus_gutenberg_text_before_share":"","sfsi_plus_gutenberg_show_text_before_share":"","sfsi_plus_gutenberg_icon_type":"","sfsi_plus_gutenberg_icon_alignemt":"","sfsi_plus_gutenburg_max_per_row":"","footnotes":"","_jetpack_memberships_contains_paid_content":false,"jetpack_publicize_message":"","jetpack_publicize_feature_enabled":true,"jetpack_social_post_already_shared":false,"jetpack_social_options":{"image_generator_settings":{"template":"highway","enabled":false},"version":2}},"categories":[3],"tags":[],"jetpack_publicize_connections":[],"jetpack_sharing_enabled":true,"jetpack_featured_media_url":"https:\/\/agendaparaguay.com\/v2\/wp-content\/uploads\/2019\/07\/sen_blas_llano_conferencia_prensa.jpg","_links":{"self":[{"href":"https:\/\/agendaparaguay.com\/v2\/wp-json\/wp\/v2\/posts\/11338"}],"collection":[{"href":"https:\/\/agendaparaguay.com\/v2\/wp-json\/wp\/v2\/posts"}],"about":[{"href":"https:\/\/agendaparaguay.com\/v2\/wp-json\/wp\/v2\/types\/post"}],"author":[{"embeddable":true,"href":"https:\/\/agendaparaguay.com\/v2\/wp-json\/wp\/v2\/users\/1"}],"replies":[{"embeddable":true,"href":"https:\/\/agendaparaguay.com\/v2\/wp-json\/wp\/v2\/comments?post=11338"}],"version-history":[{"count":3,"href":"https:\/\/agendaparaguay.com\/v2\/wp-json\/wp\/v2\/posts\/11338\/revisions"}],"predecessor-version":[{"id":11360,"href":"https:\/\/agendaparaguay.com\/v2\/wp-json\/wp\/v2\/posts\/11338\/revisions\/11360"}],"wp:featuredmedia":[{"embeddable":true,"href":"https:\/\/agendaparaguay.com\/v2\/wp-json\/wp\/v2\/media\/10298"}],"wp:attachment":[{"href":"https:\/\/agendaparaguay.com\/v2\/wp-json\/wp\/v2\/media?parent=11338"}],"wp:term":[{"taxonomy":"category","embeddable":true,"href":"https:\/\/agendaparaguay.com\/v2\/wp-json\/wp\/v2\/categories?post=11338"},{"taxonomy":"post_tag","embeddable":true,"href":"https:\/\/agendaparaguay.com\/v2\/wp-json\/wp\/v2\/tags?post=11338"}],"curies":[{"name":"wp","href":"https:\/\/api.w.org\/{rel}","templated":true}]}}