{"id":11835,"date":"2019-08-18T15:00:21","date_gmt":"2019-08-18T19:00:21","guid":{"rendered":"http:\/\/agendaparaguay.com\/v2\/?p=11835"},"modified":"2019-08-18T13:31:41","modified_gmt":"2019-08-18T17:31:41","slug":"detienen-a-jovenes-brasilenos-que-lideraban-microtrafico-en-yby-yau","status":"publish","type":"post","link":"https:\/\/agendaparaguay.com\/v2\/2019\/08\/18\/detienen-a-jovenes-brasilenos-que-lideraban-microtrafico-en-yby-yau\/","title":{"rendered":"Detienen a j\u00f3venes brasile\u00f1os que lideraban microtr\u00e1fico en Yby Ya\u00fa"},"content":{"rendered":"<p style=\"text-align: justify;\">Agentes Especiales de la SENAD, de las oficinas regionales en Concepci\u00f3n y Pedro Juan Caballero, se trasladaron hasta la Colonia Che Tapyi, distrito de Yby Ya\u00fa donde allanaron una vivienda que serv\u00eda como foco de venta de drogas.<!--more--><\/p>\n<p style=\"text-align: justify;\">La comitiva acompa\u00f1ada por el fiscal Celso Morales procedi\u00f3 a la detenci\u00f3n de Lucas Vinicius Dos, brasile\u00f1o, de 24 a\u00f1os y Jorge Luis Campos Santos, brasile\u00f1o, de 21 a\u00f1os. En poder de los mismos fueron hallados 187 gramos de crack, equivalentes a m\u00e1s de 1000 dosis de la sustancia.<\/p>\n<p>Se incauto adem\u00e1s 1 arma de fuego de la marca Glock, con 2 cargadores y 14 proyectiles.<\/p>\n","protected":false},"excerpt":{"rendered":"<p>Agentes Especiales de la SENAD, de las oficinas regionales en Concepci\u00f3n y Pedro Juan Caballero, se trasladaron hasta la Colonia Che Tapyi, distrito de Yby Ya\u00fa donde allanaron una vivienda&hellip; <\/p>\n","protected":false},"author":1,"featured_media":11836,"comment_status":"open","ping_status":"open","sticky":false,"template":"","format":"standard","meta":{"sfsi_plus_gutenberg_text_before_share":"","sfsi_plus_gutenberg_show_text_before_share":"","sfsi_plus_gutenberg_icon_type":"","sfsi_plus_gutenberg_icon_alignemt":"","sfsi_plus_gutenburg_max_per_row":"","footnotes":"","_jetpack_memberships_contains_paid_content":false,"jetpack_publicize_message":"","jetpack_publicize_feature_enabled":true,"jetpack_social_post_already_shared":false,"jetpack_social_options":{"image_generator_settings":{"template":"highway","enabled":false},"version":2}},"categories":[5],"tags":[],"jetpack_publicize_connections":[],"jetpack_sharing_enabled":true,"jetpack_featured_media_url":"https:\/\/agendaparaguay.com\/v2\/wp-content\/uploads\/2019\/08\/senad_brasile\u00f1os.jpeg","_links":{"self":[{"href":"https:\/\/agendaparaguay.com\/v2\/wp-json\/wp\/v2\/posts\/11835"}],"collection":[{"href":"https:\/\/agendaparaguay.com\/v2\/wp-json\/wp\/v2\/posts"}],"about":[{"href":"https:\/\/agendaparaguay.com\/v2\/wp-json\/wp\/v2\/types\/post"}],"author":[{"embeddable":true,"href":"https:\/\/agendaparaguay.com\/v2\/wp-json\/wp\/v2\/users\/1"}],"replies":[{"embeddable":true,"href":"https:\/\/agendaparaguay.com\/v2\/wp-json\/wp\/v2\/comments?post=11835"}],"version-history":[{"count":1,"href":"https:\/\/agendaparaguay.com\/v2\/wp-json\/wp\/v2\/posts\/11835\/revisions"}],"predecessor-version":[{"id":11837,"href":"https:\/\/agendaparaguay.com\/v2\/wp-json\/wp\/v2\/posts\/11835\/revisions\/11837"}],"wp:featuredmedia":[{"embeddable":true,"href":"https:\/\/agendaparaguay.com\/v2\/wp-json\/wp\/v2\/media\/11836"}],"wp:attachment":[{"href":"https:\/\/agendaparaguay.com\/v2\/wp-json\/wp\/v2\/media?parent=11835"}],"wp:term":[{"taxonomy":"category","embeddable":true,"href":"https:\/\/agendaparaguay.com\/v2\/wp-json\/wp\/v2\/categories?post=11835"},{"taxonomy":"post_tag","embeddable":true,"href":"https:\/\/agendaparaguay.com\/v2\/wp-json\/wp\/v2\/tags?post=11835"}],"curies":[{"name":"wp","href":"https:\/\/api.w.org\/{rel}","templated":true}]}}