{"id":11921,"date":"2019-08-20T15:20:36","date_gmt":"2019-08-20T19:20:36","guid":{"rendered":"http:\/\/agendaparaguay.com\/v2\/?p=11921"},"modified":"2019-08-20T12:47:29","modified_gmt":"2019-08-20T16:47:29","slug":"senadores-solo-podran-viajar-dos-veces-al-ano-en-mision-legislativa","status":"publish","type":"post","link":"https:\/\/agendaparaguay.com\/v2\/2019\/08\/20\/senadores-solo-podran-viajar-dos-veces-al-ano-en-mision-legislativa\/","title":{"rendered":"Senadores s\u00f3lo podr\u00e1n viajar dos veces al a\u00f1o en misi\u00f3n legislativa"},"content":{"rendered":"<p style=\"text-align: justify;\">El pleno de la c\u00e1mara de senadores aprob\u00f3 la modificaci\u00f3n de varios art\u00edculos de su reglamento interno durante la sesi\u00f3n ordinaria de la c\u00e1mara alta.<!--more--><\/p>\n<p style=\"text-align: justify;\">Por un lado, se establece que cada legislador s\u00f3lo podr\u00e1 realizar dos viajes al a\u00f1o, en el marco la gesti\u00f3n legislativa. El reglamento no establec\u00eda un m\u00e1ximo de viajes por lo que los legisladores pod\u00edan solicitar libremente el pago de estos viajes y vi\u00e1ticos a cualquier destino del mundo.<\/p>\n<p style=\"text-align: justify;\">El art\u00edculo modificado aclara que de esta decisi\u00f3n se excluye al presidente del Senado y representantes del Parlamento Latinoamericano (Parlatino) quienes deber\u00e1n contar con autorizaci\u00f3n del pleno. Este cambio surge a partir de los abusos cometidos por algunos legisladores que realizan varios viajes al a\u00f1o a destinos \u201cparadisiacos\u201d en la generalidad de los casos, todos costeados con dinero p\u00fablico.<\/p>\n<p style=\"text-align: justify;\">Igualmente, el cambio aprobado afecta al tiempo de intervenci\u00f3n de cada legislador cuando est\u00e1 en el uso de la palabra. En este sentido, a partir de ahora solo podr\u00e1n hacer uso de palabra por t\u00e9rmino de 10 minutos por cada planteamiento ante el pleno.<\/p>\n<p style=\"text-align: justify;\">A partir de la fecha se establece que todas las sesiones ser\u00e1n p\u00fablicas a excepci\u00f3n del pedido del PE en caso de seguridad interna, que quedar\u00e1 a criterio del pleno aceptar o rechazar. Es decir, con este cambio se dan por terminadas las \u00absesiones secretas\u00bb en la c\u00e1mara alta.<\/p>\n<p style=\"text-align: justify;\">Finalmente, el pleno aprob\u00f3 la modificaci\u00f3n de su reglamento interno en donde se deja a criterio del presidente del Senado, usar la seguridad interna de la C\u00e1mara para retirar al legislador que incidente en el pleno, y que impida la continuidad de la sesi\u00f3n.<\/p>\n","protected":false},"excerpt":{"rendered":"<p>El pleno de la c\u00e1mara de senadores aprob\u00f3 la modificaci\u00f3n de varios art\u00edculos de su reglamento interno durante la sesi\u00f3n ordinaria de la c\u00e1mara alta.<\/p>\n","protected":false},"author":1,"featured_media":10287,"comment_status":"open","ping_status":"open","sticky":false,"template":"","format":"standard","meta":{"sfsi_plus_gutenberg_text_before_share":"","sfsi_plus_gutenberg_show_text_before_share":"","sfsi_plus_gutenberg_icon_type":"","sfsi_plus_gutenberg_icon_alignemt":"","sfsi_plus_gutenburg_max_per_row":"","footnotes":"","_jetpack_memberships_contains_paid_content":false,"jetpack_publicize_message":"","jetpack_publicize_feature_enabled":true,"jetpack_social_post_already_shared":false,"jetpack_social_options":{"image_generator_settings":{"template":"highway","enabled":false},"version":2}},"categories":[3],"tags":[],"jetpack_publicize_connections":[],"jetpack_sharing_enabled":true,"jetpack_featured_media_url":"https:\/\/agendaparaguay.com\/v2\/wp-content\/uploads\/2019\/07\/pleno_senado_2019_2020_2.jpg","_links":{"self":[{"href":"https:\/\/agendaparaguay.com\/v2\/wp-json\/wp\/v2\/posts\/11921"}],"collection":[{"href":"https:\/\/agendaparaguay.com\/v2\/wp-json\/wp\/v2\/posts"}],"about":[{"href":"https:\/\/agendaparaguay.com\/v2\/wp-json\/wp\/v2\/types\/post"}],"author":[{"embeddable":true,"href":"https:\/\/agendaparaguay.com\/v2\/wp-json\/wp\/v2\/users\/1"}],"replies":[{"embeddable":true,"href":"https:\/\/agendaparaguay.com\/v2\/wp-json\/wp\/v2\/comments?post=11921"}],"version-history":[{"count":1,"href":"https:\/\/agendaparaguay.com\/v2\/wp-json\/wp\/v2\/posts\/11921\/revisions"}],"predecessor-version":[{"id":11922,"href":"https:\/\/agendaparaguay.com\/v2\/wp-json\/wp\/v2\/posts\/11921\/revisions\/11922"}],"wp:featuredmedia":[{"embeddable":true,"href":"https:\/\/agendaparaguay.com\/v2\/wp-json\/wp\/v2\/media\/10287"}],"wp:attachment":[{"href":"https:\/\/agendaparaguay.com\/v2\/wp-json\/wp\/v2\/media?parent=11921"}],"wp:term":[{"taxonomy":"category","embeddable":true,"href":"https:\/\/agendaparaguay.com\/v2\/wp-json\/wp\/v2\/categories?post=11921"},{"taxonomy":"post_tag","embeddable":true,"href":"https:\/\/agendaparaguay.com\/v2\/wp-json\/wp\/v2\/tags?post=11921"}],"curies":[{"name":"wp","href":"https:\/\/api.w.org\/{rel}","templated":true}]}}