{"id":12132,"date":"2019-08-27T12:00:58","date_gmt":"2019-08-27T16:00:58","guid":{"rendered":"http:\/\/agendaparaguay.com\/v2\/?p=12132"},"modified":"2019-08-27T09:34:54","modified_gmt":"2019-08-27T13:34:54","slug":"buscan-regularizar-tierras-de-la-comunidad-indigena-matukinga","status":"publish","type":"post","link":"https:\/\/agendaparaguay.com\/v2\/2019\/08\/27\/buscan-regularizar-tierras-de-la-comunidad-indigena-matukinga\/","title":{"rendered":"Buscan regularizar tierras de la comunidad ind\u00edgena Matukinga"},"content":{"rendered":"<p style=\"text-align: justify;\">La Comisi\u00f3n de Pueblos Ind\u00edgenas, presidida por la senadora Hermelinda de Ortega, recibi\u00f3 a la titular del INDE, Mar\u00eda Allen D\u00e1valos, con quien convers\u00f3 sobre el plan de acci\u00f3n que maneja dicha instituci\u00f3n para la soluci\u00f3n de la problem\u00e1tica de la tierra de la comunidad ind\u00edgena Makutinga del Pueblo Mbya Guaran\u00ed, ubicada en el distrito de San Rafael del Paran\u00e1, departamento de Itap\u00faa.<!--more--><\/p>\n<p style=\"text-align: justify;\">Tras el encuentro la legisladora Hermelinda Alvarenga, se\u00f1al\u00f3 que durante el encuentro se estableci\u00f3 convocar a otros entes del Estado, como Catastro y Registro de la Propiedad, a fin de regularizar las tierras que efectivamente pertenecen al INDI, y por ende a la comunidad ind\u00edgena de Makutinga.<\/p>\n<p style=\"text-align: justify;\">Por su parte, la titular del INDI, se\u00f1al\u00f3 que asistieron a la convocatoria de la Comisi\u00f3n de Pueblos Ind\u00edgenas del dispuestos a \u00a0tratar sobre los temas que afectan a dicha comunidad ind\u00edgena.<\/p>\n<p style=\"text-align: justify;\">Cabe destacar que de la reuni\u00f3n participaron adem\u00e1s la Lic. Gladys M. Rivarola, intendente de la ciudad de San Rafael del Paran\u00e1 y comitiva, adem\u00e1s acompa\u00f1aron l\u00edderes ind\u00edgenas del pueblo Makutinga.<\/p>\n<p style=\"text-align: justify;\">\n","protected":false},"excerpt":{"rendered":"<p>La Comisi\u00f3n de Pueblos Ind\u00edgenas, presidida por la senadora Hermelinda de Ortega, recibi\u00f3 a la titular del INDE, Mar\u00eda Allen D\u00e1valos, con quien convers\u00f3 sobre el plan de acci\u00f3n que&hellip; <\/p>\n","protected":false},"author":1,"featured_media":12133,"comment_status":"open","ping_status":"open","sticky":false,"template":"","format":"standard","meta":{"sfsi_plus_gutenberg_text_before_share":"","sfsi_plus_gutenberg_show_text_before_share":"","sfsi_plus_gutenberg_icon_type":"","sfsi_plus_gutenberg_icon_alignemt":"","sfsi_plus_gutenburg_max_per_row":"","footnotes":"","_jetpack_memberships_contains_paid_content":false,"jetpack_publicize_message":"","jetpack_publicize_feature_enabled":true,"jetpack_social_post_already_shared":false,"jetpack_social_options":{"image_generator_settings":{"template":"highway","enabled":false},"version":2}},"categories":[3],"tags":[],"jetpack_publicize_connections":[],"jetpack_sharing_enabled":true,"jetpack_featured_media_url":"https:\/\/agendaparaguay.com\/v2\/wp-content\/uploads\/2019\/08\/comision_hermelinda_indigenas.jpeg","_links":{"self":[{"href":"https:\/\/agendaparaguay.com\/v2\/wp-json\/wp\/v2\/posts\/12132"}],"collection":[{"href":"https:\/\/agendaparaguay.com\/v2\/wp-json\/wp\/v2\/posts"}],"about":[{"href":"https:\/\/agendaparaguay.com\/v2\/wp-json\/wp\/v2\/types\/post"}],"author":[{"embeddable":true,"href":"https:\/\/agendaparaguay.com\/v2\/wp-json\/wp\/v2\/users\/1"}],"replies":[{"embeddable":true,"href":"https:\/\/agendaparaguay.com\/v2\/wp-json\/wp\/v2\/comments?post=12132"}],"version-history":[{"count":1,"href":"https:\/\/agendaparaguay.com\/v2\/wp-json\/wp\/v2\/posts\/12132\/revisions"}],"predecessor-version":[{"id":12134,"href":"https:\/\/agendaparaguay.com\/v2\/wp-json\/wp\/v2\/posts\/12132\/revisions\/12134"}],"wp:featuredmedia":[{"embeddable":true,"href":"https:\/\/agendaparaguay.com\/v2\/wp-json\/wp\/v2\/media\/12133"}],"wp:attachment":[{"href":"https:\/\/agendaparaguay.com\/v2\/wp-json\/wp\/v2\/media?parent=12132"}],"wp:term":[{"taxonomy":"category","embeddable":true,"href":"https:\/\/agendaparaguay.com\/v2\/wp-json\/wp\/v2\/categories?post=12132"},{"taxonomy":"post_tag","embeddable":true,"href":"https:\/\/agendaparaguay.com\/v2\/wp-json\/wp\/v2\/tags?post=12132"}],"curies":[{"name":"wp","href":"https:\/\/api.w.org\/{rel}","templated":true}]}}