{"id":12248,"date":"2019-08-29T18:00:45","date_gmt":"2019-08-29T22:00:45","guid":{"rendered":"http:\/\/agendaparaguay.com\/v2\/?p=12248"},"modified":"2019-08-29T18:03:06","modified_gmt":"2019-08-29T22:03:06","slug":"presidente-promete-a-docentes-aumento-salarial-del-16","status":"publish","type":"post","link":"https:\/\/agendaparaguay.com\/v2\/2019\/08\/29\/presidente-promete-a-docentes-aumento-salarial-del-16\/","title":{"rendered":"Presidente promete a docentes aumento salarial del 16%"},"content":{"rendered":"<p style=\"text-align: justify;\">Fue durante una reuni\u00f3n mantenida por el jefe de estado Mario Abdo Ben\u00edtez con integrantes de la Federaci\u00f3n de Educadores del Paraguay (FEP) en Palacio de L\u00f3pez.<!--more--><\/p>\n<p style=\"text-align: justify;\">En la oportunidad, los docentes solicitaron incremento del 16 por ciento en el salario a partir del pr\u00f3ximo a\u00f1o. Seg\u00fan relat\u00f3 en conferencia de prensa Silvio Piris, dirigente sindical debido a la mala situaci\u00f3n econ\u00f3mica que atraviesa el pa\u00eds, el aumento reci\u00e9n ser\u00e1 posible desde julio del pr\u00f3ximo a\u00f1o.<br \/>\nAntes de la entrevista con Abdo Ben\u00edtez, los docentes fueron recibidos por el ministro de Hacienda, Benigno L\u00f3pez.<\/p>\n<p style=\"text-align: justify;\">El encuentro con al mandatario \u201cfue muy ameno\u201d seg\u00fan relat\u00f3 Piris. Abdo se comprometi\u00f3 a analizar el pedido y contemplar que el mismo sea incluido en el proyecto de Presupuesto General de la Naci\u00f3n (PGN 2020), coment\u00f3 el gremialista<\/p>\n<p style=\"text-align: justify;\">Consider\u00f3 \u00abun avance muy importante\u00bb la promesa del mandatario y se mostr\u00f3 confiado a que el incremento se concretar\u00e1 en el plazo mencionado. Igualmente destac\u00f3 el gesto de haberlos recibido, lo que reafirma el compromiso del presidente con la educaci\u00f3n paraguaya.<\/p>\n<p style=\"text-align: justify;\">\u201cDimos un paso hacia adelante, nos falta uno m\u00e1s pero estamos muy contentos con lo que hemos logrado\u201d, destaco finalmente Piris.<\/p>\n","protected":false},"excerpt":{"rendered":"<p>Fue durante una reuni\u00f3n mantenida por el jefe de estado Mario Abdo Ben\u00edtez con integrantes de la Federaci\u00f3n de Educadores del Paraguay (FEP) en Palacio de L\u00f3pez.<\/p>\n","protected":false},"author":1,"featured_media":12249,"comment_status":"open","ping_status":"open","sticky":false,"template":"","format":"standard","meta":{"sfsi_plus_gutenberg_text_before_share":"","sfsi_plus_gutenberg_show_text_before_share":"","sfsi_plus_gutenberg_icon_type":"","sfsi_plus_gutenberg_icon_alignemt":"","sfsi_plus_gutenburg_max_per_row":"","footnotes":"","_jetpack_memberships_contains_paid_content":false,"jetpack_publicize_message":"","jetpack_publicize_feature_enabled":true,"jetpack_social_post_already_shared":false,"jetpack_social_options":{"image_generator_settings":{"template":"highway","enabled":false},"version":2}},"categories":[5],"tags":[],"jetpack_publicize_connections":[],"jetpack_sharing_enabled":true,"jetpack_featured_media_url":"https:\/\/agendaparaguay.com\/v2\/wp-content\/uploads\/2019\/08\/docentes-marito.jpeg","_links":{"self":[{"href":"https:\/\/agendaparaguay.com\/v2\/wp-json\/wp\/v2\/posts\/12248"}],"collection":[{"href":"https:\/\/agendaparaguay.com\/v2\/wp-json\/wp\/v2\/posts"}],"about":[{"href":"https:\/\/agendaparaguay.com\/v2\/wp-json\/wp\/v2\/types\/post"}],"author":[{"embeddable":true,"href":"https:\/\/agendaparaguay.com\/v2\/wp-json\/wp\/v2\/users\/1"}],"replies":[{"embeddable":true,"href":"https:\/\/agendaparaguay.com\/v2\/wp-json\/wp\/v2\/comments?post=12248"}],"version-history":[{"count":1,"href":"https:\/\/agendaparaguay.com\/v2\/wp-json\/wp\/v2\/posts\/12248\/revisions"}],"predecessor-version":[{"id":12250,"href":"https:\/\/agendaparaguay.com\/v2\/wp-json\/wp\/v2\/posts\/12248\/revisions\/12250"}],"wp:featuredmedia":[{"embeddable":true,"href":"https:\/\/agendaparaguay.com\/v2\/wp-json\/wp\/v2\/media\/12249"}],"wp:attachment":[{"href":"https:\/\/agendaparaguay.com\/v2\/wp-json\/wp\/v2\/media?parent=12248"}],"wp:term":[{"taxonomy":"category","embeddable":true,"href":"https:\/\/agendaparaguay.com\/v2\/wp-json\/wp\/v2\/categories?post=12248"},{"taxonomy":"post_tag","embeddable":true,"href":"https:\/\/agendaparaguay.com\/v2\/wp-json\/wp\/v2\/tags?post=12248"}],"curies":[{"name":"wp","href":"https:\/\/api.w.org\/{rel}","templated":true}]}}