{"id":12267,"date":"2019-08-30T08:20:29","date_gmt":"2019-08-30T12:20:29","guid":{"rendered":"http:\/\/agendaparaguay.com\/v2\/?p=12267"},"modified":"2019-08-30T07:52:06","modified_gmt":"2019-08-30T11:52:06","slug":"iniciaron-maniobras-para-adecuar-linea-de-500kv","status":"publish","type":"post","link":"https:\/\/agendaparaguay.com\/v2\/2019\/08\/30\/iniciaron-maniobras-para-adecuar-linea-de-500kv\/","title":{"rendered":"Iniciaron maniobras para adecuar l\u00ednea de 500kV"},"content":{"rendered":"<p style=\"text-align: justify;\">Una jornada calificada de hist\u00f3rica se vivi\u00f3 anoche cerca de las 23:00 hs, con el inicio de las maniobras para la adecuaci\u00f3n de la barra de transmisi\u00f3n de la l\u00ednea de 500 kV con total \u00e9xito, seg\u00fan reportaron desde el ente binacional.<!--more--><\/p>\n<p style=\"text-align: justify;\">\u00abHemos dado un paso trascendental para que el Paraguay pueda disponer del 50 % de la energ\u00eda que soberanamente le corresponde de Yacyret\u00e1\u00bb, expres\u00f3 su director, Nicanor Duarte Frutos.<\/p>\n<p style=\"text-align: justify;\">\u201cMi respeto y admiraci\u00f3n a todo el plantel del personal t\u00e9cnico de Yacyret\u00e1 que hizo posible este hecho hist\u00f3rico y mi agradecimiento al presidente Mario Abdo Ben\u00edtez por su decidido apoyo en esta gesti\u00f3n patri\u00f3tica\u201d, manifest\u00f3 el director de la binacional.<\/p>\n","protected":false},"excerpt":{"rendered":"<p>Una jornada calificada de hist\u00f3rica se vivi\u00f3 anoche cerca de las 23:00 hs, con el inicio de las maniobras para la adecuaci\u00f3n de la barra de transmisi\u00f3n de la l\u00ednea&hellip; <\/p>\n","protected":false},"author":1,"featured_media":6321,"comment_status":"open","ping_status":"open","sticky":false,"template":"","format":"standard","meta":{"sfsi_plus_gutenberg_text_before_share":"","sfsi_plus_gutenberg_show_text_before_share":"","sfsi_plus_gutenberg_icon_type":"","sfsi_plus_gutenberg_icon_alignemt":"","sfsi_plus_gutenburg_max_per_row":"","footnotes":"","_jetpack_memberships_contains_paid_content":false,"jetpack_publicize_message":"","jetpack_publicize_feature_enabled":true,"jetpack_social_post_already_shared":false,"jetpack_social_options":{"image_generator_settings":{"template":"highway","enabled":false},"version":2}},"categories":[2],"tags":[],"jetpack_publicize_connections":[],"jetpack_sharing_enabled":true,"jetpack_featured_media_url":"https:\/\/agendaparaguay.com\/v2\/wp-content\/uploads\/2019\/03\/ande_500_kv_villa_hayes.jpg","_links":{"self":[{"href":"https:\/\/agendaparaguay.com\/v2\/wp-json\/wp\/v2\/posts\/12267"}],"collection":[{"href":"https:\/\/agendaparaguay.com\/v2\/wp-json\/wp\/v2\/posts"}],"about":[{"href":"https:\/\/agendaparaguay.com\/v2\/wp-json\/wp\/v2\/types\/post"}],"author":[{"embeddable":true,"href":"https:\/\/agendaparaguay.com\/v2\/wp-json\/wp\/v2\/users\/1"}],"replies":[{"embeddable":true,"href":"https:\/\/agendaparaguay.com\/v2\/wp-json\/wp\/v2\/comments?post=12267"}],"version-history":[{"count":1,"href":"https:\/\/agendaparaguay.com\/v2\/wp-json\/wp\/v2\/posts\/12267\/revisions"}],"predecessor-version":[{"id":12268,"href":"https:\/\/agendaparaguay.com\/v2\/wp-json\/wp\/v2\/posts\/12267\/revisions\/12268"}],"wp:featuredmedia":[{"embeddable":true,"href":"https:\/\/agendaparaguay.com\/v2\/wp-json\/wp\/v2\/media\/6321"}],"wp:attachment":[{"href":"https:\/\/agendaparaguay.com\/v2\/wp-json\/wp\/v2\/media?parent=12267"}],"wp:term":[{"taxonomy":"category","embeddable":true,"href":"https:\/\/agendaparaguay.com\/v2\/wp-json\/wp\/v2\/categories?post=12267"},{"taxonomy":"post_tag","embeddable":true,"href":"https:\/\/agendaparaguay.com\/v2\/wp-json\/wp\/v2\/tags?post=12267"}],"curies":[{"name":"wp","href":"https:\/\/api.w.org\/{rel}","templated":true}]}}