{"id":12393,"date":"2019-09-03T20:25:46","date_gmt":"2019-09-04T00:25:46","guid":{"rendered":"http:\/\/agendaparaguay.com\/v2\/?p=12393"},"modified":"2019-09-03T20:26:12","modified_gmt":"2019-09-04T00:26:12","slug":"cumbre-de-poderes-sera-este-miercoles","status":"publish","type":"post","link":"https:\/\/agendaparaguay.com\/v2\/2019\/09\/03\/cumbre-de-poderes-sera-este-miercoles\/","title":{"rendered":"Cumbre de poderes ser\u00e1 este mi\u00e9rcoles"},"content":{"rendered":"<p>La informaci\u00f3n fue confirmada por el presidente del Congreso Blas Llano. En encuentro ser\u00e1 en la presidencia del Senado, a las 07:30 horas.<!--more--><\/p>\n<p>Llano confirm\u00f3 adem\u00e1s, que adem\u00e1s de los titulares de los tres poderes, participar\u00e1 el presidente de la c\u00e1mara de Diputados, Pedro Allinana<\/p>\n<blockquote class=\"twitter-tweet\" data-width=\"550\" data-dnt=\"true\">\n<p lang=\"es\" dir=\"ltr\">CONFIRMADO: Ma\u00f1ana 07:15 Hs, <a href=\"https:\/\/twitter.com\/hashtag\/CumbreDePoderes?src=hash&amp;ref_src=twsrc%5Etfw\">#CumbreDePoderes<\/a><br \/>&#8211; Presidente de la Rep\u00fablica: <a href=\"https:\/\/twitter.com\/MaritoAbdo?ref_src=twsrc%5Etfw\">@MaritoAbdo<\/a> <br \/>-Presidente del <a href=\"https:\/\/twitter.com\/PoderJudicialPY?ref_src=twsrc%5Etfw\">@PoderJudicialPY<\/a>: Eugenio Jim\u00e9nez Rol\u00f3n<br \/>-Presidente de <a href=\"https:\/\/twitter.com\/DiputadosPy?ref_src=twsrc%5Etfw\">@DiputadosPy<\/a>: <a href=\"https:\/\/twitter.com\/AllianaPedro?ref_src=twsrc%5Etfw\">@AllianaPedro<\/a> <br \/>-Presidente de <a href=\"https:\/\/twitter.com\/SenadoresPy?ref_src=twsrc%5Etfw\">@SenadoresPy<\/a>: <a href=\"https:\/\/twitter.com\/BlasLlanoPy?ref_src=twsrc%5Etfw\">@BlasLlanoPy<\/a> <\/p>\n<p>Lugar: Presidencia del Congreso Nacional \ud83c\uddf5\ud83c\uddfe<\/p>\n<p>&mdash; Blas Llano (@BlasLlanoPy) <a href=\"https:\/\/twitter.com\/BlasLlanoPy\/status\/1169016530669117440?ref_src=twsrc%5Etfw\">September 3, 2019<\/a><\/p><\/blockquote>\n<p><script async src=\"https:\/\/platform.twitter.com\/widgets.js\" charset=\"utf-8\"><\/script><\/p>\n<p>El titular del poder legislativo reiter\u00f3 que los principales ejes a ser debatidos son Inseguridad, Pobreza; empleo; Pol\u00edtica Energ\u00e9tica para Itaipu y Yacyreta y Presupuesto General de la Naci\u00f3n 2020.<\/p>\n<blockquote class=\"twitter-tweet\" data-width=\"550\" data-dnt=\"true\">\n<p lang=\"es\" dir=\"ltr\"><a href=\"https:\/\/twitter.com\/hashtag\/CumbreDePoderes?src=hash&amp;ref_src=twsrc%5Etfw\">#CumbreDePoderes<\/a> \ud83c\uddf5\ud83c\uddfe<\/p>\n<p>TEMAS A TRATAR:<\/p>\n<p>1-Inseguridad<br \/>2-Pobreza<br \/>3-Empleo<br \/>4-PGN 2020<br \/>5-Pol\u00edtica Energ\u00e9tica en Itaip\u00fa y Yacyret\u00e1<\/p>\n<p>&mdash; Blas Llano (@BlasLlanoPy) <a href=\"https:\/\/twitter.com\/BlasLlanoPy\/status\/1169026375614906368?ref_src=twsrc%5Etfw\">September 3, 2019<\/a><\/p><\/blockquote>\n<p><script async src=\"https:\/\/platform.twitter.com\/widgets.js\" charset=\"utf-8\"><\/script><\/p>\n","protected":false},"excerpt":{"rendered":"<p>La informaci\u00f3n fue confirmada por el presidente del Congreso Blas Llano. En encuentro ser\u00e1 en la presidencia del Senado, a las 07:30 horas.<\/p>\n","protected":false},"author":1,"featured_media":12336,"comment_status":"open","ping_status":"open","sticky":false,"template":"","format":"standard","meta":{"sfsi_plus_gutenberg_text_before_share":"","sfsi_plus_gutenberg_show_text_before_share":"","sfsi_plus_gutenberg_icon_type":"","sfsi_plus_gutenberg_icon_alignemt":"","sfsi_plus_gutenburg_max_per_row":"","footnotes":"","_jetpack_memberships_contains_paid_content":false,"jetpack_publicize_message":"","jetpack_publicize_feature_enabled":true,"jetpack_social_post_already_shared":false,"jetpack_social_options":{"image_generator_settings":{"template":"highway","enabled":false},"version":2}},"categories":[2],"tags":[],"jetpack_publicize_connections":[],"jetpack_sharing_enabled":true,"jetpack_featured_media_url":"https:\/\/agendaparaguay.com\/v2\/wp-content\/uploads\/2019\/09\/sen_blas_llano_3.jpeg","_links":{"self":[{"href":"https:\/\/agendaparaguay.com\/v2\/wp-json\/wp\/v2\/posts\/12393"}],"collection":[{"href":"https:\/\/agendaparaguay.com\/v2\/wp-json\/wp\/v2\/posts"}],"about":[{"href":"https:\/\/agendaparaguay.com\/v2\/wp-json\/wp\/v2\/types\/post"}],"author":[{"embeddable":true,"href":"https:\/\/agendaparaguay.com\/v2\/wp-json\/wp\/v2\/users\/1"}],"replies":[{"embeddable":true,"href":"https:\/\/agendaparaguay.com\/v2\/wp-json\/wp\/v2\/comments?post=12393"}],"version-history":[{"count":2,"href":"https:\/\/agendaparaguay.com\/v2\/wp-json\/wp\/v2\/posts\/12393\/revisions"}],"predecessor-version":[{"id":12395,"href":"https:\/\/agendaparaguay.com\/v2\/wp-json\/wp\/v2\/posts\/12393\/revisions\/12395"}],"wp:featuredmedia":[{"embeddable":true,"href":"https:\/\/agendaparaguay.com\/v2\/wp-json\/wp\/v2\/media\/12336"}],"wp:attachment":[{"href":"https:\/\/agendaparaguay.com\/v2\/wp-json\/wp\/v2\/media?parent=12393"}],"wp:term":[{"taxonomy":"category","embeddable":true,"href":"https:\/\/agendaparaguay.com\/v2\/wp-json\/wp\/v2\/categories?post=12393"},{"taxonomy":"post_tag","embeddable":true,"href":"https:\/\/agendaparaguay.com\/v2\/wp-json\/wp\/v2\/tags?post=12393"}],"curies":[{"name":"wp","href":"https:\/\/api.w.org\/{rel}","templated":true}]}}