{"id":12462,"date":"2019-09-05T12:00:26","date_gmt":"2019-09-05T16:00:26","guid":{"rendered":"http:\/\/agendaparaguay.com\/v2\/?p=12462"},"modified":"2019-09-05T10:39:21","modified_gmt":"2019-09-05T14:39:21","slug":"richer-la-imagen-del-presidente-esta-por-el-piso","status":"publish","type":"post","link":"https:\/\/agendaparaguay.com\/v2\/2019\/09\/05\/richer-la-imagen-del-presidente-esta-por-el-piso\/","title":{"rendered":"Richer: \u201cLa imagen del presidente est\u00e1 por el piso\u00bb"},"content":{"rendered":"<p style=\"text-align: justify;\">Seg\u00fan el senador del senador del Frente Guas\u00fa, Hugo Richer, \u00abla imagen del presidente Mario bdo Ben\u00edtez est\u00e1 por el suelo\u00bb, y m\u00e1s a\u00fan despu\u00e9s de la \u00abCumbre de presidentes\u00bb llevada a cabo en la v\u00edspera.<!--more--><\/p>\n<p style=\"text-align: justify;\">El legislador resalt\u00f3 que llama la atenci\u00f3n el nivel de improvisaci\u00f3n del gobierno, ya que no demuestra ninguna seriedad en el manejo del encuentro de los presidentes de los 3 poderes, donde no se lleg\u00f3 a ninguna conclusi\u00f3n.<\/p>\n<p style=\"text-align: justify;\">\u00abLa imagen del presidente est\u00e1 por el piso y con este tipo de improvisaciones (Cumbre) empeora su imagen. Una cumbre es para anunciar algo importante, algo concreto\u00bb, relat\u00f3.<\/p>\n<p style=\"text-align: justify;\">\u00abSi este es un un salvavidas, esto le va llevar al fondo, su salvavidas trae una piedra adentro. Una cumbre como \u00e9sta le desgasta mas al presidente\u00bb, insisti\u00f3 el legislador.<\/p>\n<p style=\"text-align: justify;\">Finalmente destac\u00f3 que una cumbre se trabaja, se prepara y luego se re\u00fanen y anuncian una agenda definida, y no un siempre anuncio de \u00abnos volveremos a reunir\u00bb.<\/p>\n","protected":false},"excerpt":{"rendered":"<p>Seg\u00fan el senador del senador del Frente Guas\u00fa, Hugo Richer, \u00abla imagen del presidente Mario bdo Ben\u00edtez est\u00e1 por el suelo\u00bb, y m\u00e1s a\u00fan despu\u00e9s de la \u00abCumbre de presidentes\u00bb&hellip; <\/p>\n","protected":false},"author":1,"featured_media":4650,"comment_status":"open","ping_status":"open","sticky":false,"template":"","format":"standard","meta":{"sfsi_plus_gutenberg_text_before_share":"","sfsi_plus_gutenberg_show_text_before_share":"","sfsi_plus_gutenberg_icon_type":"","sfsi_plus_gutenberg_icon_alignemt":"","sfsi_plus_gutenburg_max_per_row":"","footnotes":"","_jetpack_memberships_contains_paid_content":false,"jetpack_publicize_message":"","jetpack_publicize_feature_enabled":true,"jetpack_social_post_already_shared":false,"jetpack_social_options":{"image_generator_settings":{"template":"highway","enabled":false},"version":2}},"categories":[3],"tags":[],"jetpack_publicize_connections":[],"jetpack_sharing_enabled":true,"jetpack_featured_media_url":"https:\/\/agendaparaguay.com\/v2\/wp-content\/uploads\/2019\/02\/2016_sen_hugo_richer.jpg","_links":{"self":[{"href":"https:\/\/agendaparaguay.com\/v2\/wp-json\/wp\/v2\/posts\/12462"}],"collection":[{"href":"https:\/\/agendaparaguay.com\/v2\/wp-json\/wp\/v2\/posts"}],"about":[{"href":"https:\/\/agendaparaguay.com\/v2\/wp-json\/wp\/v2\/types\/post"}],"author":[{"embeddable":true,"href":"https:\/\/agendaparaguay.com\/v2\/wp-json\/wp\/v2\/users\/1"}],"replies":[{"embeddable":true,"href":"https:\/\/agendaparaguay.com\/v2\/wp-json\/wp\/v2\/comments?post=12462"}],"version-history":[{"count":1,"href":"https:\/\/agendaparaguay.com\/v2\/wp-json\/wp\/v2\/posts\/12462\/revisions"}],"predecessor-version":[{"id":12463,"href":"https:\/\/agendaparaguay.com\/v2\/wp-json\/wp\/v2\/posts\/12462\/revisions\/12463"}],"wp:featuredmedia":[{"embeddable":true,"href":"https:\/\/agendaparaguay.com\/v2\/wp-json\/wp\/v2\/media\/4650"}],"wp:attachment":[{"href":"https:\/\/agendaparaguay.com\/v2\/wp-json\/wp\/v2\/media?parent=12462"}],"wp:term":[{"taxonomy":"category","embeddable":true,"href":"https:\/\/agendaparaguay.com\/v2\/wp-json\/wp\/v2\/categories?post=12462"},{"taxonomy":"post_tag","embeddable":true,"href":"https:\/\/agendaparaguay.com\/v2\/wp-json\/wp\/v2\/tags?post=12462"}],"curies":[{"name":"wp","href":"https:\/\/api.w.org\/{rel}","templated":true}]}}