{"id":12840,"date":"2019-09-16T10:40:03","date_gmt":"2019-09-16T14:40:03","guid":{"rendered":"http:\/\/agendaparaguay.com\/v2\/?p=12840"},"modified":"2019-09-16T09:13:54","modified_gmt":"2019-09-16T13:13:54","slug":"villamayor-insiste-con-que-falta-mas-uniformados-para-garantizar-la-seguridad","status":"publish","type":"post","link":"https:\/\/agendaparaguay.com\/v2\/2019\/09\/16\/villamayor-insiste-con-que-falta-mas-uniformados-para-garantizar-la-seguridad\/","title":{"rendered":"Villamayor insiste con que falta m\u00e1s uniformados para garantizar la seguridad"},"content":{"rendered":"<p style=\"text-align: justify;\">\nEl ministro del Interior, acorralado por pedidos de destituci\u00f3n por la ola de inseguridad que azota el pa\u00eds se\u00f1al\u00f3 hoy una vez m\u00e1s que la falta de mayor cantidad de uniformados es la causa a que se registren tantos hechos que cuestionan los ciudadanos que exigen mejores resultados en el combate a los hechos delictivos.<!--more--><\/p>\n<p style=\"text-align: justify;\">Villamayor se\u00f1al\u00f3 que un alt\u00edsimo porcentaje de polic\u00edas se encuentran cumpliendo funciones en las oficinas mientras otros prestan servicios de seguridad a autoridades, edificios p\u00fablicos u entidades bancarias, lo que reduce la presencia de los mismos en las calles.<\/p>\n<p style=\"text-align: justify;\">Villamayor se\u00f1al\u00f3 adem\u00e1s a la 730 am, la necesidad de invertir en equipamientos y trabajar en limpiar la imagen de la instituci\u00f3n.<\/p>\n","protected":false},"excerpt":{"rendered":"<p>El ministro del Interior, acorralado por pedidos de destituci\u00f3n por la ola de inseguridad que azota el pa\u00eds se\u00f1al\u00f3 hoy una vez m\u00e1s que la falta de mayor cantidad de&hellip; <\/p>\n","protected":false},"author":1,"featured_media":3795,"comment_status":"open","ping_status":"open","sticky":false,"template":"","format":"standard","meta":{"sfsi_plus_gutenberg_text_before_share":"","sfsi_plus_gutenberg_show_text_before_share":"","sfsi_plus_gutenberg_icon_type":"","sfsi_plus_gutenberg_icon_alignemt":"","sfsi_plus_gutenburg_max_per_row":"","footnotes":"","_jetpack_memberships_contains_paid_content":false,"jetpack_publicize_message":"","jetpack_publicize_feature_enabled":true,"jetpack_social_post_already_shared":false,"jetpack_social_options":{"image_generator_settings":{"template":"highway","enabled":false},"version":2}},"categories":[5],"tags":[],"jetpack_publicize_connections":[],"jetpack_sharing_enabled":true,"jetpack_featured_media_url":"https:\/\/agendaparaguay.com\/v2\/wp-content\/uploads\/2019\/02\/min_juan_ernesto_vellamayor.jpeg","_links":{"self":[{"href":"https:\/\/agendaparaguay.com\/v2\/wp-json\/wp\/v2\/posts\/12840"}],"collection":[{"href":"https:\/\/agendaparaguay.com\/v2\/wp-json\/wp\/v2\/posts"}],"about":[{"href":"https:\/\/agendaparaguay.com\/v2\/wp-json\/wp\/v2\/types\/post"}],"author":[{"embeddable":true,"href":"https:\/\/agendaparaguay.com\/v2\/wp-json\/wp\/v2\/users\/1"}],"replies":[{"embeddable":true,"href":"https:\/\/agendaparaguay.com\/v2\/wp-json\/wp\/v2\/comments?post=12840"}],"version-history":[{"count":1,"href":"https:\/\/agendaparaguay.com\/v2\/wp-json\/wp\/v2\/posts\/12840\/revisions"}],"predecessor-version":[{"id":12841,"href":"https:\/\/agendaparaguay.com\/v2\/wp-json\/wp\/v2\/posts\/12840\/revisions\/12841"}],"wp:featuredmedia":[{"embeddable":true,"href":"https:\/\/agendaparaguay.com\/v2\/wp-json\/wp\/v2\/media\/3795"}],"wp:attachment":[{"href":"https:\/\/agendaparaguay.com\/v2\/wp-json\/wp\/v2\/media?parent=12840"}],"wp:term":[{"taxonomy":"category","embeddable":true,"href":"https:\/\/agendaparaguay.com\/v2\/wp-json\/wp\/v2\/categories?post=12840"},{"taxonomy":"post_tag","embeddable":true,"href":"https:\/\/agendaparaguay.com\/v2\/wp-json\/wp\/v2\/tags?post=12840"}],"curies":[{"name":"wp","href":"https:\/\/api.w.org\/{rel}","templated":true}]}}