{"id":12933,"date":"2019-09-18T16:00:03","date_gmt":"2019-09-18T20:00:03","guid":{"rendered":"http:\/\/agendaparaguay.com\/v2\/?p=12933"},"modified":"2019-09-18T14:02:47","modified_gmt":"2019-09-18T18:02:47","slug":"responsables-de-la-una-buscan-apoyo-del-legislativo","status":"publish","type":"post","link":"https:\/\/agendaparaguay.com\/v2\/2019\/09\/18\/responsables-de-la-una-buscan-apoyo-del-legislativo\/","title":{"rendered":"Responsables de la UNA buscan apoyo del legislativo"},"content":{"rendered":"<p style=\"text-align: justify;\">Ante la falta de respuesta por parte de las autoridades del Ministerio de Hacienda, los responsables de las diferentes facultades de la Universidad Nacional de Asunci\u00f3n, encabezados por la rectora, Dra. Zully Vera iniciaron en la fecha un intenso lobby en el congreso Nacional.<!--more--><\/p>\n<p style=\"text-align: justify;\">En este contexto, en la fecha, se reunieron con senadores del Frente Guas\u00fa, a quienes plantearon las necesidades de esta casa de estudios.<\/p>\n<p style=\"text-align: justify;\">\u201cQueremos tener el apoyo del parlamento en todo lo que se refiere a la educaci\u00f3n universitaria p\u00fablica\u201d, explic\u00f3 Vera al tiempo de resaltar que piden una reprogramaci\u00f3n presupuestaria de G. 28.000 millones de guaran\u00edes para este \u00faltimo semestre del 2019 y una por el mismo monto para los primeros seis meses del 2020.<\/p>\n<p style=\"text-align: justify;\">Indic\u00f3 que este monto servir\u00e1 para alcanzar la nivelaci\u00f3n salarial que vienen buscando desde el 2017.<\/p>\n<p style=\"text-align: justify;\">Cabe destacar que el Ministro de Hacienda Benigno L\u00f3pez anunci\u00f3 en la v\u00edspera que no existen los fondos necesarios para responder al pedido de los docentes, quienes llevan adelante un \u00abparo acad\u00e9mico\u00bb en reclamo de dicha nivelaci\u00f3n salarial.<\/p>\n","protected":false},"excerpt":{"rendered":"<p>Ante la falta de respuesta por parte de las autoridades del Ministerio de Hacienda, los responsables de las diferentes facultades de la Universidad Nacional de Asunci\u00f3n, encabezados por la rectora,&hellip; <\/p>\n","protected":false},"author":1,"featured_media":12934,"comment_status":"open","ping_status":"open","sticky":false,"template":"","format":"standard","meta":{"sfsi_plus_gutenberg_text_before_share":"","sfsi_plus_gutenberg_show_text_before_share":"","sfsi_plus_gutenberg_icon_type":"","sfsi_plus_gutenberg_icon_alignemt":"","sfsi_plus_gutenburg_max_per_row":"","footnotes":"","_jetpack_memberships_contains_paid_content":false,"jetpack_publicize_message":"","jetpack_publicize_feature_enabled":true,"jetpack_social_post_already_shared":false,"jetpack_social_options":{"image_generator_settings":{"template":"highway","enabled":false},"version":2}},"categories":[5],"tags":[],"jetpack_publicize_connections":[],"jetpack_sharing_enabled":true,"jetpack_featured_media_url":"https:\/\/agendaparaguay.com\/v2\/wp-content\/uploads\/2019\/09\/una_rectora_decanos.jpg","_links":{"self":[{"href":"https:\/\/agendaparaguay.com\/v2\/wp-json\/wp\/v2\/posts\/12933"}],"collection":[{"href":"https:\/\/agendaparaguay.com\/v2\/wp-json\/wp\/v2\/posts"}],"about":[{"href":"https:\/\/agendaparaguay.com\/v2\/wp-json\/wp\/v2\/types\/post"}],"author":[{"embeddable":true,"href":"https:\/\/agendaparaguay.com\/v2\/wp-json\/wp\/v2\/users\/1"}],"replies":[{"embeddable":true,"href":"https:\/\/agendaparaguay.com\/v2\/wp-json\/wp\/v2\/comments?post=12933"}],"version-history":[{"count":1,"href":"https:\/\/agendaparaguay.com\/v2\/wp-json\/wp\/v2\/posts\/12933\/revisions"}],"predecessor-version":[{"id":12935,"href":"https:\/\/agendaparaguay.com\/v2\/wp-json\/wp\/v2\/posts\/12933\/revisions\/12935"}],"wp:featuredmedia":[{"embeddable":true,"href":"https:\/\/agendaparaguay.com\/v2\/wp-json\/wp\/v2\/media\/12934"}],"wp:attachment":[{"href":"https:\/\/agendaparaguay.com\/v2\/wp-json\/wp\/v2\/media?parent=12933"}],"wp:term":[{"taxonomy":"category","embeddable":true,"href":"https:\/\/agendaparaguay.com\/v2\/wp-json\/wp\/v2\/categories?post=12933"},{"taxonomy":"post_tag","embeddable":true,"href":"https:\/\/agendaparaguay.com\/v2\/wp-json\/wp\/v2\/tags?post=12933"}],"curies":[{"name":"wp","href":"https:\/\/api.w.org\/{rel}","templated":true}]}}