{"id":12943,"date":"2019-09-18T21:00:07","date_gmt":"2019-09-19T01:00:07","guid":{"rendered":"http:\/\/agendaparaguay.com\/v2\/?p=12943"},"modified":"2019-09-18T19:02:15","modified_gmt":"2019-09-18T23:02:15","slug":"inician-construccion-de-3-000-viviendas-para-la-clase-media-mra","status":"publish","type":"post","link":"https:\/\/agendaparaguay.com\/v2\/2019\/09\/18\/inician-construccion-de-3-000-viviendas-para-la-clase-media-mra\/","title":{"rendered":"Inician construcci\u00f3n de 3.000 viviendas para la clase media MRA"},"content":{"rendered":"<p style=\"text-align: justify;\">El Ministerio de Urbanismo, Vivienda y H\u00e1bitat oficializ\u00f3 hoy el inicio de la construcci\u00f3n de infraestructura para el Conjunto Habitacional Defensores del Chaco, m\u00e1s conocido como \u201cComplejo Mariano Roque Alonso\u201d.<!--more--><\/p>\n<p style=\"text-align: justify;\">El anuncio lo hizo el presidente Mario Abdo Ben\u00edtez, a trav\u00e9s de su cuenta oficial en twitter. Se trata de unas 3000 soluciones habitacionales.<\/p>\n<p style=\"text-align: justify;\">Se estima que las mencionadas obras de infraestructura generar\u00e1n fuente de trabajo de manera directa para unas 800 personas e indirectamente para otros 2.000 compatriotas.<\/p>\n<p style=\"text-align: justify;\">Este conjunto habitacional ser\u00e1 construido en las 17,8 hect\u00e1reas del ex predio de Instituto de Previsi\u00f3n Social (IPS), que hab\u00edan sido adquiridas por el MUVH y que servir\u00e1n para el desarrollo de una \u201cmicro ciudad\u201d, con todos los servicios, espacios p\u00fablicos y unas 3.000 soluciones habitacionales. Se trata de un proyecto reactivado despu\u00e9s de 26 a\u00f1os por el Gobierno Nacional.<\/p>\n<p style=\"text-align: justify;\">En principio se prev\u00e9 que sean Departamentos de 2 y 3 habitaciones, seg\u00fan detalla la cartera de Urbanismo.<\/p>\n<p style=\"text-align: justify;\">Los trabajos incluyen la construcci\u00f3n de servicios b\u00e1sicos como el sistema vial interno del complejo, \u00e1reas verdes, espacios de recreaci\u00f3n y la preparaci\u00f3n de las manzanas donde se desarrollar\u00e1n, m\u00e1s adelante, los bloques habitacionales. Adem\u00e1s de la planta de tratamiento de efluentes, canalizaci\u00f3n y potabilizaci\u00f3n de agua, entre otros.<\/p>\n","protected":false},"excerpt":{"rendered":"<p>El Ministerio de Urbanismo, Vivienda y H\u00e1bitat oficializ\u00f3 hoy el inicio de la construcci\u00f3n de infraestructura para el Conjunto Habitacional Defensores del Chaco, m\u00e1s conocido como \u201cComplejo Mariano Roque Alonso\u201d.<\/p>\n","protected":false},"author":1,"featured_media":12713,"comment_status":"open","ping_status":"open","sticky":false,"template":"","format":"standard","meta":{"sfsi_plus_gutenberg_text_before_share":"","sfsi_plus_gutenberg_show_text_before_share":"","sfsi_plus_gutenberg_icon_type":"","sfsi_plus_gutenberg_icon_alignemt":"","sfsi_plus_gutenburg_max_per_row":"","footnotes":"","_jetpack_memberships_contains_paid_content":false,"jetpack_publicize_message":"","jetpack_publicize_feature_enabled":true,"jetpack_social_post_already_shared":false,"jetpack_social_options":{"image_generator_settings":{"template":"highway","enabled":false},"version":2}},"categories":[2],"tags":[],"jetpack_publicize_connections":[],"jetpack_sharing_enabled":true,"jetpack_featured_media_url":"https:\/\/agendaparaguay.com\/v2\/wp-content\/uploads\/2019\/09\/marito_enmienda.jpg","_links":{"self":[{"href":"https:\/\/agendaparaguay.com\/v2\/wp-json\/wp\/v2\/posts\/12943"}],"collection":[{"href":"https:\/\/agendaparaguay.com\/v2\/wp-json\/wp\/v2\/posts"}],"about":[{"href":"https:\/\/agendaparaguay.com\/v2\/wp-json\/wp\/v2\/types\/post"}],"author":[{"embeddable":true,"href":"https:\/\/agendaparaguay.com\/v2\/wp-json\/wp\/v2\/users\/1"}],"replies":[{"embeddable":true,"href":"https:\/\/agendaparaguay.com\/v2\/wp-json\/wp\/v2\/comments?post=12943"}],"version-history":[{"count":1,"href":"https:\/\/agendaparaguay.com\/v2\/wp-json\/wp\/v2\/posts\/12943\/revisions"}],"predecessor-version":[{"id":12944,"href":"https:\/\/agendaparaguay.com\/v2\/wp-json\/wp\/v2\/posts\/12943\/revisions\/12944"}],"wp:featuredmedia":[{"embeddable":true,"href":"https:\/\/agendaparaguay.com\/v2\/wp-json\/wp\/v2\/media\/12713"}],"wp:attachment":[{"href":"https:\/\/agendaparaguay.com\/v2\/wp-json\/wp\/v2\/media?parent=12943"}],"wp:term":[{"taxonomy":"category","embeddable":true,"href":"https:\/\/agendaparaguay.com\/v2\/wp-json\/wp\/v2\/categories?post=12943"},{"taxonomy":"post_tag","embeddable":true,"href":"https:\/\/agendaparaguay.com\/v2\/wp-json\/wp\/v2\/tags?post=12943"}],"curies":[{"name":"wp","href":"https:\/\/api.w.org\/{rel}","templated":true}]}}