{"id":12975,"date":"2019-09-19T14:30:18","date_gmt":"2019-09-19T18:30:18","guid":{"rendered":"http:\/\/agendaparaguay.com\/v2\/?p=12975"},"modified":"2019-09-19T12:34:39","modified_gmt":"2019-09-19T16:34:39","slug":"frente-guasu-pide-suspender-inicio-de-obras-del-viaducto-del-botanico","status":"publish","type":"post","link":"https:\/\/agendaparaguay.com\/v2\/2019\/09\/19\/frente-guasu-pide-suspender-inicio-de-obras-del-viaducto-del-botanico\/","title":{"rendered":"Frente Guas\u00fa pide suspender inicio de obras del viaducto del Bot\u00e1nico"},"content":{"rendered":"<p style=\"text-align: justify;\">La Bancada del Frente Guas\u00fa present\u00f3 un proyecto de Declaraci\u00f3n que solicita la suspensi\u00f3n de las obras del viaducto que afectan y ponen en riesgo al Jard\u00edn Bot\u00e1nico.<!--more--><\/p>\n<p style=\"text-align: justify;\">Ante la falta de votos para su estudio sobre tablas, la bancada pedir\u00e1 que el documento sea incluido en el orden del d\u00eda a trav\u00e9s de la mesa directiva, el pr\u00f3ximo lunes.<\/p>\n<p style=\"text-align: justify;\">La senadora Esperanza Mart\u00ednez explic\u00f3 que pedir\u00e1n adem\u00e1s que sean convocados por la Comisi\u00f3n de Hacienda y Presupuesto, los ministros de Obras P\u00fablicas, Arnoldo Wiens; de MADES, Ariel Oviedo;\u00a0 el Intendente de Asunci\u00f3n, Mario Ferreiro y el presidente de la Junta Municipal, Oscar Rodr\u00edguez, para que brinden informes respecto a la obra.<\/p>\n<p style=\"text-align: justify;\">Por su parte, el Senador del FG Jorge Querey, realiz\u00f3 durante la sesi\u00f3n del Senado de la fecha una rese\u00f1a hist\u00f3rica del Jard\u00edn Bot\u00e1nico,\u00a0 y detall\u00f3 la forma como el mismo ha venido perdiendo territorio con el paso del tiempo.<\/p>\n<p style=\"text-align: justify;\">Expres\u00f3 como preocupante el da\u00f1o ambiental que se concretar\u00eda en el que est\u00e1 considerado como el pulm\u00f3n verde de nuestra capital.<\/p>\n","protected":false},"excerpt":{"rendered":"<p>La Bancada del Frente Guas\u00fa present\u00f3 un proyecto de Declaraci\u00f3n que solicita la suspensi\u00f3n de las obras del viaducto que afectan y ponen en riesgo al Jard\u00edn Bot\u00e1nico.<\/p>\n","protected":false},"author":1,"featured_media":9590,"comment_status":"open","ping_status":"open","sticky":false,"template":"","format":"standard","meta":{"sfsi_plus_gutenberg_text_before_share":"","sfsi_plus_gutenberg_show_text_before_share":"","sfsi_plus_gutenberg_icon_type":"","sfsi_plus_gutenberg_icon_alignemt":"","sfsi_plus_gutenburg_max_per_row":"","footnotes":"","_jetpack_memberships_contains_paid_content":false,"jetpack_publicize_message":"","jetpack_publicize_feature_enabled":true,"jetpack_social_post_already_shared":false,"jetpack_social_options":{"image_generator_settings":{"template":"highway","enabled":false},"version":2}},"categories":[3],"tags":[],"jetpack_publicize_connections":[],"jetpack_sharing_enabled":true,"jetpack_featured_media_url":"https:\/\/agendaparaguay.com\/v2\/wp-content\/uploads\/2019\/06\/sen_esperanza_martinez.jpg","_links":{"self":[{"href":"https:\/\/agendaparaguay.com\/v2\/wp-json\/wp\/v2\/posts\/12975"}],"collection":[{"href":"https:\/\/agendaparaguay.com\/v2\/wp-json\/wp\/v2\/posts"}],"about":[{"href":"https:\/\/agendaparaguay.com\/v2\/wp-json\/wp\/v2\/types\/post"}],"author":[{"embeddable":true,"href":"https:\/\/agendaparaguay.com\/v2\/wp-json\/wp\/v2\/users\/1"}],"replies":[{"embeddable":true,"href":"https:\/\/agendaparaguay.com\/v2\/wp-json\/wp\/v2\/comments?post=12975"}],"version-history":[{"count":1,"href":"https:\/\/agendaparaguay.com\/v2\/wp-json\/wp\/v2\/posts\/12975\/revisions"}],"predecessor-version":[{"id":12976,"href":"https:\/\/agendaparaguay.com\/v2\/wp-json\/wp\/v2\/posts\/12975\/revisions\/12976"}],"wp:featuredmedia":[{"embeddable":true,"href":"https:\/\/agendaparaguay.com\/v2\/wp-json\/wp\/v2\/media\/9590"}],"wp:attachment":[{"href":"https:\/\/agendaparaguay.com\/v2\/wp-json\/wp\/v2\/media?parent=12975"}],"wp:term":[{"taxonomy":"category","embeddable":true,"href":"https:\/\/agendaparaguay.com\/v2\/wp-json\/wp\/v2\/categories?post=12975"},{"taxonomy":"post_tag","embeddable":true,"href":"https:\/\/agendaparaguay.com\/v2\/wp-json\/wp\/v2\/tags?post=12975"}],"curies":[{"name":"wp","href":"https:\/\/api.w.org\/{rel}","templated":true}]}}