{"id":13070,"date":"2019-09-23T10:00:57","date_gmt":"2019-09-23T14:00:57","guid":{"rendered":"http:\/\/agendaparaguay.com\/v2\/?p=13070"},"modified":"2019-09-23T10:16:21","modified_gmt":"2019-09-23T14:16:21","slug":"riera-insta-a-reimpulsar-el-juicio-politico-ya-segura-que-abdo-no-terminara-su-mandato","status":"publish","type":"post","link":"https:\/\/agendaparaguay.com\/v2\/2019\/09\/23\/riera-insta-a-reimpulsar-el-juicio-politico-ya-segura-que-abdo-no-terminara-su-mandato\/","title":{"rendered":"Riera insta a reimpulsar el Juicio Pol\u00edtico y asegura que Abdo no terminar\u00e1 su mandato"},"content":{"rendered":"<p style=\"text-align: justify;\">A criterio del senador Enrique Riera, el juicio pol\u00edtico al presidente Mario Abdo Ben\u00edtez debe ser reimpulsado cuanto antes y asegur\u00f3 que el jefe de estado no culminar\u00e1 los cuatro a\u00f1os de mandato que le resta al frente del Poder Ejecutivo.<!--more--><\/p>\n<p style=\"text-align: justify;\">Dijo que inicialmente, la posici\u00f3n sobre el tema es personal, aunque no descarta debatir la propuesta dentro de su bancada y dentro de su movimiento, Honor Colorado.<\/p>\n<p style=\"text-align: justify;\">Cuestion\u00f3 nuevamente al presidente Mario Abdo Ben\u00edtez por estar aliado con quienes piden su destituci\u00f3n, mientras que acusa de \u00abmafiosos\u00bb a los miembros de Honor Colorado quienes son los que terminaron salv\u00e1ndolo de la destituci\u00f3n durante el reciente pedido de juicio pol\u00edtico.<\/p>\n<p style=\"text-align: justify;\">Aleg\u00f3 que el mandatario y su entorno \u00abno bajan de su pedestal de la soberbia\u00bb, y tampoco Abdo convoca a un di\u00e1logo nacional.<\/p>\n<p style=\"text-align: justify;\">En declaraciones a la 780 am, Riera dijo que Abdo Ben\u00edtez no termina de entender la necesidad de mantener un Partido Colorado \u00abunido y fuerte\u00bb.<\/p>\n","protected":false},"excerpt":{"rendered":"<p>A criterio del senador Enrique Riera, el juicio pol\u00edtico al presidente Mario Abdo Ben\u00edtez debe ser reimpulsado cuanto antes y asegur\u00f3 que el jefe de estado no culminar\u00e1 los cuatro&hellip; <\/p>\n","protected":false},"author":1,"featured_media":7359,"comment_status":"open","ping_status":"open","sticky":false,"template":"","format":"standard","meta":{"sfsi_plus_gutenberg_text_before_share":"","sfsi_plus_gutenberg_show_text_before_share":"","sfsi_plus_gutenberg_icon_type":"","sfsi_plus_gutenberg_icon_alignemt":"","sfsi_plus_gutenburg_max_per_row":"","footnotes":"","_jetpack_memberships_contains_paid_content":false,"jetpack_publicize_message":"","jetpack_publicize_feature_enabled":true,"jetpack_social_post_already_shared":false,"jetpack_social_options":{"image_generator_settings":{"template":"highway","enabled":false},"version":2}},"categories":[3],"tags":[],"jetpack_publicize_connections":[],"jetpack_sharing_enabled":true,"jetpack_featured_media_url":"https:\/\/agendaparaguay.com\/v2\/wp-content\/uploads\/2019\/04\/enrique_riera.jpg","_links":{"self":[{"href":"https:\/\/agendaparaguay.com\/v2\/wp-json\/wp\/v2\/posts\/13070"}],"collection":[{"href":"https:\/\/agendaparaguay.com\/v2\/wp-json\/wp\/v2\/posts"}],"about":[{"href":"https:\/\/agendaparaguay.com\/v2\/wp-json\/wp\/v2\/types\/post"}],"author":[{"embeddable":true,"href":"https:\/\/agendaparaguay.com\/v2\/wp-json\/wp\/v2\/users\/1"}],"replies":[{"embeddable":true,"href":"https:\/\/agendaparaguay.com\/v2\/wp-json\/wp\/v2\/comments?post=13070"}],"version-history":[{"count":3,"href":"https:\/\/agendaparaguay.com\/v2\/wp-json\/wp\/v2\/posts\/13070\/revisions"}],"predecessor-version":[{"id":13073,"href":"https:\/\/agendaparaguay.com\/v2\/wp-json\/wp\/v2\/posts\/13070\/revisions\/13073"}],"wp:featuredmedia":[{"embeddable":true,"href":"https:\/\/agendaparaguay.com\/v2\/wp-json\/wp\/v2\/media\/7359"}],"wp:attachment":[{"href":"https:\/\/agendaparaguay.com\/v2\/wp-json\/wp\/v2\/media?parent=13070"}],"wp:term":[{"taxonomy":"category","embeddable":true,"href":"https:\/\/agendaparaguay.com\/v2\/wp-json\/wp\/v2\/categories?post=13070"},{"taxonomy":"post_tag","embeddable":true,"href":"https:\/\/agendaparaguay.com\/v2\/wp-json\/wp\/v2\/tags?post=13070"}],"curies":[{"name":"wp","href":"https:\/\/api.w.org\/{rel}","templated":true}]}}