{"id":13163,"date":"2019-09-25T08:36:55","date_gmt":"2019-09-25T12:36:55","guid":{"rendered":"http:\/\/agendaparaguay.com\/v2\/?p=13163"},"modified":"2019-09-25T08:36:55","modified_gmt":"2019-09-25T12:36:55","slug":"mario-abdo-el-crimen-organizado-permeo-en-las-instituciones-entre-ella-la-policia","status":"publish","type":"post","link":"https:\/\/agendaparaguay.com\/v2\/2019\/09\/25\/mario-abdo-el-crimen-organizado-permeo-en-las-instituciones-entre-ella-la-policia\/","title":{"rendered":"Mario Abdo: \u201cEl crimen organizado perme\u00f3 en las instituciones entre ella la Polic\u00eda\u201d"},"content":{"rendered":"<p>El presidente de la Rep\u00fablica Mario Abdo Ben\u00edtez se refiri\u00f3 a la detenci\u00f3n de 9 altos jefes policiales detenidos en la v\u00edspera por mantener supuestos v\u00ednculos con el narcotr\u00e1fico.<!--more--><\/p>\n<p style=\"text-align: justify;\">El jefe de estado asegur\u00f3 que la voluntad y el compromiso del Ejecutivo siguen firmes en el combate a estos flagelos y lament\u00f3 que haya permeado en varias instituciones.<\/p>\n<p style=\"text-align: justify;\">\u201cYo ya dec\u00eda cuando era senador de la naci\u00f3n que la mafia y el crimen organizado perme\u00f3 varias instituciones y una de esas instituciones que permeo el crimen organizado es la Polic\u00eda Nacional y hoy es un mensaje claro que nosotros vamos a seguir con las investigaciones en el interior, como obligaci\u00f3n del Ejecutivo. Una investigaci\u00f3n interna, acompa\u00f1ada con un trabajo profesional de la Fiscal\u00eda General y el resultado.<\/p>\n<p style=\"text-align: justify;\">El jefe de estado indic\u00f3 que el mensaje claro que seguir\u00e1n investigando desde el interior de las instituciones, con el acompa\u00f1amiento profesional de la Fiscal\u00eda General.<\/p>\n<p style=\"text-align: justify;\">\u201cEl resultado es que los que contribuyen con el crimen organizado van a ser investigados y con evidencias claras ser\u00e1n llevados ante la justicia\u201d, destac\u00f3 Abdo Ben\u00edtez.<\/p>\n<p style=\"text-align: justify;\">Asegur\u00f3 que la frase caiga quien caiga est\u00e1 m\u00e1s firme que nunca. \u201cCaiga quien caiga, es una frase que representa la esperanza de todo un pueblo, que espera que la corrupci\u00f3n se acabe y ratifico que la corrupci\u00f3n es causa de la impunidad y el compromiso nuestro se demuestra con la voluntad de enfrentar. Tenemos una unidad anticorrupci\u00f3n donde colaboran varios ex fiscales con una foja de servicio intachable\u201d, acot\u00f3.<\/p>\n<p>Finalmente dijo que se debe entender que el Ejecutivo no es Fiscal\u00eda ni Poder Judicial. \u201cLo que hacemos es demostrar la voluntad pol\u00edtica y pedimos que funcionen las instituciones\u201d, concluy\u00f3.<\/p>\n","protected":false},"excerpt":{"rendered":"<p>El presidente de la Rep\u00fablica Mario Abdo Ben\u00edtez se refiri\u00f3 a la detenci\u00f3n de 9 altos jefes policiales detenidos en la v\u00edspera por mantener supuestos v\u00ednculos con el narcotr\u00e1fico.<\/p>\n","protected":false},"author":1,"featured_media":12611,"comment_status":"open","ping_status":"open","sticky":false,"template":"","format":"standard","meta":{"sfsi_plus_gutenberg_text_before_share":"","sfsi_plus_gutenberg_show_text_before_share":"","sfsi_plus_gutenberg_icon_type":"","sfsi_plus_gutenberg_icon_alignemt":"","sfsi_plus_gutenburg_max_per_row":"","footnotes":"","_jetpack_memberships_contains_paid_content":false,"jetpack_publicize_message":"","jetpack_publicize_feature_enabled":true,"jetpack_social_post_already_shared":false,"jetpack_social_options":{"image_generator_settings":{"template":"highway","enabled":false},"version":2}},"categories":[2],"tags":[],"jetpack_publicize_connections":[],"jetpack_sharing_enabled":true,"jetpack_featured_media_url":"https:\/\/agendaparaguay.com\/v2\/wp-content\/uploads\/2019\/09\/marito_abdo.jpeg","_links":{"self":[{"href":"https:\/\/agendaparaguay.com\/v2\/wp-json\/wp\/v2\/posts\/13163"}],"collection":[{"href":"https:\/\/agendaparaguay.com\/v2\/wp-json\/wp\/v2\/posts"}],"about":[{"href":"https:\/\/agendaparaguay.com\/v2\/wp-json\/wp\/v2\/types\/post"}],"author":[{"embeddable":true,"href":"https:\/\/agendaparaguay.com\/v2\/wp-json\/wp\/v2\/users\/1"}],"replies":[{"embeddable":true,"href":"https:\/\/agendaparaguay.com\/v2\/wp-json\/wp\/v2\/comments?post=13163"}],"version-history":[{"count":1,"href":"https:\/\/agendaparaguay.com\/v2\/wp-json\/wp\/v2\/posts\/13163\/revisions"}],"predecessor-version":[{"id":13164,"href":"https:\/\/agendaparaguay.com\/v2\/wp-json\/wp\/v2\/posts\/13163\/revisions\/13164"}],"wp:featuredmedia":[{"embeddable":true,"href":"https:\/\/agendaparaguay.com\/v2\/wp-json\/wp\/v2\/media\/12611"}],"wp:attachment":[{"href":"https:\/\/agendaparaguay.com\/v2\/wp-json\/wp\/v2\/media?parent=13163"}],"wp:term":[{"taxonomy":"category","embeddable":true,"href":"https:\/\/agendaparaguay.com\/v2\/wp-json\/wp\/v2\/categories?post=13163"},{"taxonomy":"post_tag","embeddable":true,"href":"https:\/\/agendaparaguay.com\/v2\/wp-json\/wp\/v2\/tags?post=13163"}],"curies":[{"name":"wp","href":"https:\/\/api.w.org\/{rel}","templated":true}]}}