{"id":13211,"date":"2019-09-26T09:50:24","date_gmt":"2019-09-26T13:50:24","guid":{"rendered":"http:\/\/agendaparaguay.com\/v2\/?p=13211"},"modified":"2019-09-26T09:58:50","modified_gmt":"2019-09-26T13:58:50","slug":"galaverna-sobre-lamborghini-fue-una-pifiada-enorme","status":"publish","type":"post","link":"https:\/\/agendaparaguay.com\/v2\/2019\/09\/26\/galaverna-sobre-lamborghini-fue-una-pifiada-enorme\/","title":{"rendered":"Galaverna sobre Lamborghini: \u00abFue una pifiada enorme\u00bb"},"content":{"rendered":"<p>El senador colorado Juan Carlos Galaverna reconoci\u00f3 hoy que el reciente papel\u00f3n que pas\u00f3 el presidente de la rep\u00fablica Mario Abdo Ben\u00edtez respecto a la presentaci\u00f3n de una propuesta de inversi\u00f3n de la firma Lamborghini Latinoam\u00e9rica S.A. en nuestro pa\u00eds \u00abes una enorme pifiada\u00bb.<!--more--><\/p>\n<p>Dijo sin embargo que le parece bien que la ministra de Industria Liz Cr\u00e1mer haya asumido la responsabilidad y considera que no fue la \u00fanica que \u00abmeti\u00f3 la pata\u00bb, y cree que el presidente es \u00abvictima\u00bb de la situaci\u00f3n.<\/p>\n<p>\u00abYo creo que el ruido que corresponde ya se hizo, ya ovalema\u00bb, destac\u00f3 Galaverna.<\/p>\n<p>Reconoci\u00f3 que los asesores \u00abno le est\u00e1n cuidando al presidente\u00bb pero destac\u00f3 que no cree necesario destituir a nadie por lo ocurrido.<\/p>\n<blockquote class=\"twitter-tweet\" data-width=\"550\" data-dnt=\"true\">\n<p lang=\"es\" dir=\"ltr\">El sen <a href=\"https:\/\/twitter.com\/hashtag\/Galaverna?src=hash&amp;ref_src=twsrc%5Etfw\">#Galaverna<\/a> reconoci\u00f3 que &quot;fue una pifiada enorme&quot; que cometi\u00f3 el Ejecutivo con el tema Lamborghini. Destac\u00f3 sin embargo que &quot;ya se hizo el ruido q corresponde, y ya ovalema&quot; y reconoci\u00f3 que los asesores &#39;no le cuidan al Pdte <a href=\"https:\/\/twitter.com\/MaritoAbdo?ref_src=twsrc%5Etfw\">@MaritoAbdo<\/a>&quot; quien es v\u00edctima de la situaci\u00f3n <a href=\"https:\/\/t.co\/MbWsjVKEaH\">pic.twitter.com\/MbWsjVKEaH<\/a><\/p>\n<p>&mdash; Agenda Paraguay (@agparaguay) <a href=\"https:\/\/twitter.com\/agparaguay\/status\/1177217969933443072?ref_src=twsrc%5Etfw\">September 26, 2019<\/a><\/p><\/blockquote>\n<p><script async src=\"https:\/\/platform.twitter.com\/widgets.js\" charset=\"utf-8\"><\/script><\/p>\n","protected":false},"excerpt":{"rendered":"<p>El senador colorado Juan Carlos Galaverna reconoci\u00f3 hoy que el reciente papel\u00f3n que pas\u00f3 el presidente de la rep\u00fablica Mario Abdo Ben\u00edtez respecto a la presentaci\u00f3n de una propuesta de&hellip; <\/p>\n","protected":false},"author":1,"featured_media":6827,"comment_status":"open","ping_status":"open","sticky":false,"template":"","format":"standard","meta":{"sfsi_plus_gutenberg_text_before_share":"","sfsi_plus_gutenberg_show_text_before_share":"","sfsi_plus_gutenberg_icon_type":"","sfsi_plus_gutenberg_icon_alignemt":"","sfsi_plus_gutenburg_max_per_row":"","footnotes":"","_jetpack_memberships_contains_paid_content":false,"jetpack_publicize_message":"","jetpack_publicize_feature_enabled":true,"jetpack_social_post_already_shared":false,"jetpack_social_options":{"image_generator_settings":{"template":"highway","enabled":false},"version":2}},"categories":[2],"tags":[],"jetpack_publicize_connections":[],"jetpack_sharing_enabled":true,"jetpack_featured_media_url":"https:\/\/agendaparaguay.com\/v2\/wp-content\/uploads\/2019\/04\/senador_cale_galaverna.jpg","_links":{"self":[{"href":"https:\/\/agendaparaguay.com\/v2\/wp-json\/wp\/v2\/posts\/13211"}],"collection":[{"href":"https:\/\/agendaparaguay.com\/v2\/wp-json\/wp\/v2\/posts"}],"about":[{"href":"https:\/\/agendaparaguay.com\/v2\/wp-json\/wp\/v2\/types\/post"}],"author":[{"embeddable":true,"href":"https:\/\/agendaparaguay.com\/v2\/wp-json\/wp\/v2\/users\/1"}],"replies":[{"embeddable":true,"href":"https:\/\/agendaparaguay.com\/v2\/wp-json\/wp\/v2\/comments?post=13211"}],"version-history":[{"count":2,"href":"https:\/\/agendaparaguay.com\/v2\/wp-json\/wp\/v2\/posts\/13211\/revisions"}],"predecessor-version":[{"id":13216,"href":"https:\/\/agendaparaguay.com\/v2\/wp-json\/wp\/v2\/posts\/13211\/revisions\/13216"}],"wp:featuredmedia":[{"embeddable":true,"href":"https:\/\/agendaparaguay.com\/v2\/wp-json\/wp\/v2\/media\/6827"}],"wp:attachment":[{"href":"https:\/\/agendaparaguay.com\/v2\/wp-json\/wp\/v2\/media?parent=13211"}],"wp:term":[{"taxonomy":"category","embeddable":true,"href":"https:\/\/agendaparaguay.com\/v2\/wp-json\/wp\/v2\/categories?post=13211"},{"taxonomy":"post_tag","embeddable":true,"href":"https:\/\/agendaparaguay.com\/v2\/wp-json\/wp\/v2\/tags?post=13211"}],"curies":[{"name":"wp","href":"https:\/\/api.w.org\/{rel}","templated":true}]}}