{"id":13280,"date":"2019-09-28T09:08:12","date_gmt":"2019-09-28T13:08:12","guid":{"rendered":"http:\/\/agendaparaguay.com\/v2\/?p=13280"},"modified":"2019-09-28T09:08:12","modified_gmt":"2019-09-28T13:08:12","slug":"fin-de-semana-caluroso-y-soleado","status":"publish","type":"post","link":"https:\/\/agendaparaguay.com\/v2\/2019\/09\/28\/fin-de-semana-caluroso-y-soleado\/","title":{"rendered":"Fin de semana caluroso y soleado"},"content":{"rendered":"<p style=\"text-align: justify;\">Los \u00faltimos an\u00e1lisis realizados indican muy baja probabilidad de lluvias durante el fin de semana en todo el territorio nacional, persistiendo los d\u00edas soleados, vientos del sector norte y que desde ma\u00f1ana comienzan a acelerarse, las tardes con ambiente muy caluroso, m\u00e1ximas pronosticadas entre los 35\u00b0C a 40\u00b0C en la regi\u00f3n Oriental, mientras que en el Chaco paraguayo entre 37\u00b0C y 42\u00b0C<!--more--><\/p>\n<p style=\"text-align: justify;\">Lluvias previstas desde el mi\u00e9rcoles 02 de Octubre<\/p>\n<p style=\"text-align: justify;\">Desde el final de la jornada del martes y durante el mi\u00e9rcoles un frente fr\u00edo avanzar\u00eda sobre nuestro pa\u00eds y el mismo generar\u00eda un descenso de temperatura y precipitaciones en ambas regiones.<\/p>\n","protected":false},"excerpt":{"rendered":"<p>Los \u00faltimos an\u00e1lisis realizados indican muy baja probabilidad de lluvias durante el fin de semana en todo el territorio nacional, persistiendo los d\u00edas soleados, vientos del sector norte y que&hellip; <\/p>\n","protected":false},"author":1,"featured_media":4159,"comment_status":"open","ping_status":"open","sticky":false,"template":"","format":"standard","meta":{"sfsi_plus_gutenberg_text_before_share":"","sfsi_plus_gutenberg_show_text_before_share":"","sfsi_plus_gutenberg_icon_type":"","sfsi_plus_gutenberg_icon_alignemt":"","sfsi_plus_gutenburg_max_per_row":"","footnotes":"","_jetpack_memberships_contains_paid_content":false,"jetpack_publicize_message":"","jetpack_publicize_feature_enabled":true,"jetpack_social_post_already_shared":false,"jetpack_social_options":{"image_generator_settings":{"template":"highway","enabled":false},"version":2}},"categories":[5],"tags":[],"jetpack_publicize_connections":[],"jetpack_sharing_enabled":true,"jetpack_featured_media_url":"https:\/\/agendaparaguay.com\/v2\/wp-content\/uploads\/2019\/02\/clima_calor-2.jpg","_links":{"self":[{"href":"https:\/\/agendaparaguay.com\/v2\/wp-json\/wp\/v2\/posts\/13280"}],"collection":[{"href":"https:\/\/agendaparaguay.com\/v2\/wp-json\/wp\/v2\/posts"}],"about":[{"href":"https:\/\/agendaparaguay.com\/v2\/wp-json\/wp\/v2\/types\/post"}],"author":[{"embeddable":true,"href":"https:\/\/agendaparaguay.com\/v2\/wp-json\/wp\/v2\/users\/1"}],"replies":[{"embeddable":true,"href":"https:\/\/agendaparaguay.com\/v2\/wp-json\/wp\/v2\/comments?post=13280"}],"version-history":[{"count":1,"href":"https:\/\/agendaparaguay.com\/v2\/wp-json\/wp\/v2\/posts\/13280\/revisions"}],"predecessor-version":[{"id":13281,"href":"https:\/\/agendaparaguay.com\/v2\/wp-json\/wp\/v2\/posts\/13280\/revisions\/13281"}],"wp:featuredmedia":[{"embeddable":true,"href":"https:\/\/agendaparaguay.com\/v2\/wp-json\/wp\/v2\/media\/4159"}],"wp:attachment":[{"href":"https:\/\/agendaparaguay.com\/v2\/wp-json\/wp\/v2\/media?parent=13280"}],"wp:term":[{"taxonomy":"category","embeddable":true,"href":"https:\/\/agendaparaguay.com\/v2\/wp-json\/wp\/v2\/categories?post=13280"},{"taxonomy":"post_tag","embeddable":true,"href":"https:\/\/agendaparaguay.com\/v2\/wp-json\/wp\/v2\/tags?post=13280"}],"curies":[{"name":"wp","href":"https:\/\/api.w.org\/{rel}","templated":true}]}}