{"id":13299,"date":"2019-09-29T11:50:09","date_gmt":"2019-09-29T15:50:09","guid":{"rendered":"http:\/\/agendaparaguay.com\/v2\/?p=13299"},"modified":"2019-09-29T11:51:02","modified_gmt":"2019-09-29T15:51:02","slug":"caso-abuso-sexual-fiscalia-anuncia-apelacion-a-decision-del-tribunal","status":"publish","type":"post","link":"https:\/\/agendaparaguay.com\/v2\/2019\/09\/29\/caso-abuso-sexual-fiscalia-anuncia-apelacion-a-decision-del-tribunal\/","title":{"rendered":"Caso abuso sexual: Fiscal\u00eda apelar\u00e1 a decisi\u00f3n del Tribunal"},"content":{"rendered":"<p style=\"text-align: justify;\">Con relaci\u00f3n al caso de Paraguar\u00ed, donde el Tribunal ley\u00f3 la Sentencia el viernes pasado, la fiscal Mercedes Vera se\u00f1al\u00f3 que la misma apelar\u00e1 la resoluci\u00f3n del Tribunal y que rechaza totamente esta decisi\u00f3n asumida ante un hecho tan grave.<!--more--><\/p>\n<p style=\"text-align: justify;\">El Tribunal hall\u00f3 culpable a un hombre por abuso sexual de su hijastra de 7 a\u00f1os, sin embargo, en su lectura de Sentencia dijo que el procesado no ir\u00e1 a prisi\u00f3n a cambio de cumplir ciertas reglas de conducta, cuando los casos de Abuso Sexual en ni\u00f1os tienen una expectativa de pena privativa de libertad.<\/p>\n<p style=\"text-align: justify;\">La fiscal Mercedes Vera aclar\u00f3 que fue sorpresiva e indignante la decisi\u00f3n puesto que la Fiscal\u00eda hab\u00eda solicitado 6 a\u00f1os para el procesado.<\/p>\n<p style=\"text-align: justify;\">Si bien la inspecci\u00f3n m\u00e9dica alega que al momento de la inspecci\u00f3n no hall\u00f3 rastros, la menor relat\u00f3 que s\u00ed hubo intento de coito y luego este dato fue ratificado en la C\u00e1mara Gesell, pruebas que fueron expuestas ante el Tribunal, por lo que el Tribunal no puede alegar \u00abfalta de pruebas\u00bb.<\/p>\n<p style=\"text-align: justify;\">El Tribunal de Sentencia de Paraguar\u00ed, integrado por los jueces Hugo R\u00edos, Gerardo Ruiz D\u00edaz y Jorge Gim\u00e9nez Samaniego, conden\u00f3 a un hombre por abusar sexualmente de su hijastra al menos durante dos a\u00f1os, cuando la ni\u00f1a ten\u00eda entre 7 y 9 a\u00f1os de edad.<\/p>\n<p style=\"text-align: justify;\">Los magistrados en su sentencia, alentaron al procesado \u00aba aprender del error\u00bb, la agente fiscal se\u00f1ala que la menor relat\u00f3 en varias evaluaciones todos los detalles sobre el hecho punible y que este fue cometido en forma sistem\u00e1tica, por lo que no se puede considerar un error sino la comisi\u00f3n de un hecho punible contra la autonom\u00eda de ni\u00f1os y ni\u00f1as en situaci\u00f3n de vulnerabilidad.<\/p>\n","protected":false},"excerpt":{"rendered":"<p>Con relaci\u00f3n al caso de Paraguar\u00ed, donde el Tribunal ley\u00f3 la Sentencia el viernes pasado, la fiscal Mercedes Vera se\u00f1al\u00f3 que la misma apelar\u00e1 la resoluci\u00f3n del Tribunal y que&hellip; <\/p>\n","protected":false},"author":1,"featured_media":4386,"comment_status":"open","ping_status":"open","sticky":false,"template":"","format":"standard","meta":{"sfsi_plus_gutenberg_text_before_share":"","sfsi_plus_gutenberg_show_text_before_share":"","sfsi_plus_gutenberg_icon_type":"","sfsi_plus_gutenberg_icon_alignemt":"","sfsi_plus_gutenburg_max_per_row":"","footnotes":"","_jetpack_memberships_contains_paid_content":false,"jetpack_publicize_message":"","jetpack_publicize_feature_enabled":true,"jetpack_social_post_already_shared":false,"jetpack_social_options":{"image_generator_settings":{"template":"highway","enabled":false},"version":2}},"categories":[5],"tags":[],"jetpack_publicize_connections":[],"jetpack_sharing_enabled":true,"jetpack_featured_media_url":"https:\/\/agendaparaguay.com\/v2\/wp-content\/uploads\/2019\/02\/ministerio_publico_01.jpg","_links":{"self":[{"href":"https:\/\/agendaparaguay.com\/v2\/wp-json\/wp\/v2\/posts\/13299"}],"collection":[{"href":"https:\/\/agendaparaguay.com\/v2\/wp-json\/wp\/v2\/posts"}],"about":[{"href":"https:\/\/agendaparaguay.com\/v2\/wp-json\/wp\/v2\/types\/post"}],"author":[{"embeddable":true,"href":"https:\/\/agendaparaguay.com\/v2\/wp-json\/wp\/v2\/users\/1"}],"replies":[{"embeddable":true,"href":"https:\/\/agendaparaguay.com\/v2\/wp-json\/wp\/v2\/comments?post=13299"}],"version-history":[{"count":2,"href":"https:\/\/agendaparaguay.com\/v2\/wp-json\/wp\/v2\/posts\/13299\/revisions"}],"predecessor-version":[{"id":13301,"href":"https:\/\/agendaparaguay.com\/v2\/wp-json\/wp\/v2\/posts\/13299\/revisions\/13301"}],"wp:featuredmedia":[{"embeddable":true,"href":"https:\/\/agendaparaguay.com\/v2\/wp-json\/wp\/v2\/media\/4386"}],"wp:attachment":[{"href":"https:\/\/agendaparaguay.com\/v2\/wp-json\/wp\/v2\/media?parent=13299"}],"wp:term":[{"taxonomy":"category","embeddable":true,"href":"https:\/\/agendaparaguay.com\/v2\/wp-json\/wp\/v2\/categories?post=13299"},{"taxonomy":"post_tag","embeddable":true,"href":"https:\/\/agendaparaguay.com\/v2\/wp-json\/wp\/v2\/tags?post=13299"}],"curies":[{"name":"wp","href":"https:\/\/api.w.org\/{rel}","templated":true}]}}