{"id":14420,"date":"2019-10-31T11:50:13","date_gmt":"2019-10-31T14:50:13","guid":{"rendered":"http:\/\/agendaparaguay.com\/v2\/?p=14420"},"modified":"2019-10-31T10:56:38","modified_gmt":"2019-10-31T13:56:38","slug":"diputado-pide-a-petta-que-aclare-su-situacion-sobre-ddjj-en-vez-de-amenazar-con-colacionados","status":"publish","type":"post","link":"https:\/\/agendaparaguay.com\/v2\/2019\/10\/31\/diputado-pide-a-petta-que-aclare-su-situacion-sobre-ddjj-en-vez-de-amenazar-con-colacionados\/","title":{"rendered":"Diputado pide a Petta que aclare su situaci\u00f3n sobre DDJJ en vez de amenazar con \u201ccolacionados\u201d"},"content":{"rendered":"<p style=\"text-align: justify;\">Luego de que el ministro de Educaci\u00f3n Eduardo Petta fuera denunciado ante el Ministerio P\u00fablico por la Contralor\u00eda, por inconsistencias en la presentaci\u00f3n de su Declaraci\u00f3n Jurada, la senadora Esperanza Mart\u00ednez utiliz\u00f3 su red social en twitter para consultar a Petta si miente en su DDJJ para evitar pagar lo que corresponde por prestaci\u00f3n alimentaria a su hijo.<!--more--><\/p>\n<blockquote class=\"twitter-tweet\" data-width=\"550\" data-dnt=\"true\">\n<p lang=\"es\" dir=\"ltr\">Ministro <a href=\"https:\/\/twitter.com\/petta08?ref_src=twsrc%5Etfw\">@petta08<\/a> Ud. que se define \u201cpr\u00f3vida&quot;, miente sobre su declaraci\u00f3n jurada para no pagar prestaciones alimentantarias a sus hijos? Por favor renuncie, no puede seguir como ministro de educaci\u00f3n <a href=\"https:\/\/t.co\/IHgVNHYcl7\">https:\/\/t.co\/IHgVNHYcl7<\/a><\/p>\n<p>&mdash; Esperanza Martinez (@esperanza_py) <a href=\"https:\/\/twitter.com\/esperanza_py\/status\/1189303554508558337?ref_src=twsrc%5Etfw\">October 29, 2019<\/a><\/p><\/blockquote>\n<p><script async src=\"https:\/\/platform.twitter.com\/widgets.js\" charset=\"utf-8\"><\/script><\/p>\n<p style=\"text-align: justify;\">Este posteo enerv\u00f3 a Petta quien envi\u00f3 un colacionado a la legisladora del Frente Guas\u00fa a quien emplaz\u00f3 por 24 horas para que se retracte, caso contrario la amenaz\u00f3 con iniciar un proceso judicial por difamaci\u00f3n y calumnia.<\/p>\n<blockquote class=\"twitter-tweet\" data-width=\"550\" data-dnt=\"true\">\n<p lang=\"es\" dir=\"ltr\"><a href=\"https:\/\/twitter.com\/esperanza_py?ref_src=twsrc%5Etfw\">@esperanza_py<\/a> Injuriar escud\u00e1ndose en una interrogaci\u00f3n es un juego falaz y oportunista, las reglas democr\u00e1ticas se sustentan en las leyes y en valores. Tengo principios, defiendo la vida y al sistema  que nos rige. Como padre, ciudadano y funcionario doy testimonio con mis actos <a href=\"https:\/\/t.co\/HM3fTH9fZk\">pic.twitter.com\/HM3fTH9fZk<\/a><\/p>\n<p>&mdash; Eduardo Petta (@petta08) <a href=\"https:\/\/twitter.com\/petta08\/status\/1189563429868179458?ref_src=twsrc%5Etfw\">October 30, 2019<\/a><\/p><\/blockquote>\n<p><script async src=\"https:\/\/platform.twitter.com\/widgets.js\" charset=\"utf-8\"><\/script><\/p>\n<p style=\"text-align: justify;\">Ante este hecho, el Diputado Basilio N\u00fa\u00f1ez comparti\u00f3 nuevamente el texto escrito por la Senadora Mart\u00ednez y desafi\u00f3 al ministro de Educaci\u00f3n a que tambi\u00e9n lo intime.<\/p>\n<p style=\"text-align: justify;\">\u201cEspero la intimaci\u00f3n de @petta08 que cree que intimida la labor parlamentaria con su #Chake de Ex Fiscal, tenemos diferencias ideol\u00f3gicas con @esperanza_py pero seguro compartimos el deseo de un mejor pa\u00eds, espero que no me intime por plagiar su escrito\u201d, escribi\u00f3 el diputado colorado en su cuenta en twitter.<\/p>\n<p style=\"text-align: justify;\">\u201c@petta08 deber\u00eda aclarar su situaci\u00f3n con la comisi\u00f3n y la Fiscal\u00eda y no andar amenazando, y si tiene tiempo dedicarse a ser Ministro cargo que le queda grande\u201d, insisti\u00f3 el parlamentario.<\/p>\n<blockquote class=\"twitter-tweet\" data-width=\"550\" data-dnt=\"true\">\n<p lang=\"es\" dir=\"ltr\">Espero la intimaci\u00f3n de <a href=\"https:\/\/twitter.com\/petta08?ref_src=twsrc%5Etfw\">@petta08<\/a> que cree que intimida la labor parlamentaria con su <a href=\"https:\/\/twitter.com\/hashtag\/Chake?src=hash&amp;ref_src=twsrc%5Etfw\">#Chake<\/a> de  Ex Fiscal , tenemos diferencias ideol\u00f3gicas con <a href=\"https:\/\/twitter.com\/esperanza_py?ref_src=twsrc%5Etfw\">@esperanza_py<\/a> pero seguro compartimos el deseo de un mejor pa\u00eds , espero que no me intime por plagiar su escrito<\/p>\n<p>&mdash; Bachi nu\u00f1ez (@bachinunez_nuez) <a href=\"https:\/\/twitter.com\/bachinunez_nuez\/status\/1189727483458965504?ref_src=twsrc%5Etfw\">October 31, 2019<\/a><\/p><\/blockquote>\n<p><script async src=\"https:\/\/platform.twitter.com\/widgets.js\" charset=\"utf-8\"><\/script><\/p>\n<p style=\"text-align: justify;\">N\u00fa\u00f1ez escribi\u00f3 adem\u00e1s que \u201cLa CN dice en su art\u00edculo 191 que ning\u00fan parlamentario puede ser acusado judicialmente por las opiniones que emita en el ejercicio de su funci\u00f3n, ahora #Petta no quiere que opinemos cuando el afectado es \u00e9l, olvida c\u00f3mo acus\u00f3 a miles de #planilleros\u201d, insisiti\u00f3 N\u00fa\u00f1ez.<\/p>\n<p style=\"text-align: justify;\">Cabe destacar que la senadora Esperanza Mart\u00ednez escribi\u00f3 en su cuenta personal \u201cMinistro @petta08 Ud. que se define \u201cprovida\u201dmiente sobre su declaraci\u00f3n jurada para no pagar sus prestaciones alimentarias a sus hijos? Por favor renuncie, no puede seguir como ministro de educaci\u00f3n\u201d, texto que gener\u00f3 la reacci\u00f3n del secretario de estado de Educaci\u00f3n.<\/p>\n","protected":false},"excerpt":{"rendered":"<p>Luego de que el ministro de Educaci\u00f3n Eduardo Petta fuera denunciado ante el Ministerio P\u00fablico por la Contralor\u00eda, por inconsistencias en la presentaci\u00f3n de su Declaraci\u00f3n Jurada, la senadora Esperanza&hellip; <\/p>\n","protected":false},"author":1,"featured_media":7480,"comment_status":"open","ping_status":"open","sticky":false,"template":"","format":"standard","meta":{"sfsi_plus_gutenberg_text_before_share":"","sfsi_plus_gutenberg_show_text_before_share":"","sfsi_plus_gutenberg_icon_type":"","sfsi_plus_gutenberg_icon_alignemt":"","sfsi_plus_gutenburg_max_per_row":"","footnotes":"","_jetpack_memberships_contains_paid_content":false,"jetpack_publicize_message":"","jetpack_publicize_feature_enabled":true,"jetpack_social_post_already_shared":false,"jetpack_social_options":{"image_generator_settings":{"template":"highway","enabled":false},"version":2}},"categories":[2],"tags":[],"jetpack_publicize_connections":[],"jetpack_sharing_enabled":true,"jetpack_featured_media_url":"https:\/\/agendaparaguay.com\/v2\/wp-content\/uploads\/2019\/04\/dip_basilio_n\u00fa\u00f1ez_Bachi.jpg","_links":{"self":[{"href":"https:\/\/agendaparaguay.com\/v2\/wp-json\/wp\/v2\/posts\/14420"}],"collection":[{"href":"https:\/\/agendaparaguay.com\/v2\/wp-json\/wp\/v2\/posts"}],"about":[{"href":"https:\/\/agendaparaguay.com\/v2\/wp-json\/wp\/v2\/types\/post"}],"author":[{"embeddable":true,"href":"https:\/\/agendaparaguay.com\/v2\/wp-json\/wp\/v2\/users\/1"}],"replies":[{"embeddable":true,"href":"https:\/\/agendaparaguay.com\/v2\/wp-json\/wp\/v2\/comments?post=14420"}],"version-history":[{"count":1,"href":"https:\/\/agendaparaguay.com\/v2\/wp-json\/wp\/v2\/posts\/14420\/revisions"}],"predecessor-version":[{"id":14421,"href":"https:\/\/agendaparaguay.com\/v2\/wp-json\/wp\/v2\/posts\/14420\/revisions\/14421"}],"wp:featuredmedia":[{"embeddable":true,"href":"https:\/\/agendaparaguay.com\/v2\/wp-json\/wp\/v2\/media\/7480"}],"wp:attachment":[{"href":"https:\/\/agendaparaguay.com\/v2\/wp-json\/wp\/v2\/media?parent=14420"}],"wp:term":[{"taxonomy":"category","embeddable":true,"href":"https:\/\/agendaparaguay.com\/v2\/wp-json\/wp\/v2\/categories?post=14420"},{"taxonomy":"post_tag","embeddable":true,"href":"https:\/\/agendaparaguay.com\/v2\/wp-json\/wp\/v2\/tags?post=14420"}],"curies":[{"name":"wp","href":"https:\/\/api.w.org\/{rel}","templated":true}]}}