{"id":14624,"date":"2019-11-06T10:30:50","date_gmt":"2019-11-06T13:30:50","guid":{"rendered":"http:\/\/agendaparaguay.com\/v2\/?p=14624"},"modified":"2019-11-06T10:18:44","modified_gmt":"2019-11-06T13:18:44","slug":"bacigalupo-pide-a-contraloria-derecho-a-defensa-y-respeto-a-las-leyes","status":"publish","type":"post","link":"https:\/\/agendaparaguay.com\/v2\/2019\/11\/06\/bacigalupo-pide-a-contraloria-derecho-a-defensa-y-respeto-a-las-leyes\/","title":{"rendered":"Bacigalupo pide a Contralor\u00eda derecho a defensa y respeto a las leyes"},"content":{"rendered":"<p style=\"text-align: justify;\">La Ministra del Trabajo Carla Bacigalupo destac\u00f3 que ya pidi\u00f3 a la Contralor\u00eda General de la Rep\u00fablica el derecho a la defensa as\u00ed como el respeto a las leyes, ya que la misma no fue informada de las supuestas inconsistencias en su Declaraci\u00f3n Jurada de Bienes, seg\u00fan denuncia presentada por la Contralor\u00eda ante el Ministerio P\u00fablico.<!--more--><\/p>\n<p style=\"text-align: justify;\">\u00abYa hicimos la presentaci\u00f3n a la Contralor\u00eda para que nos den las copias oficiales para poder establecer el derecho a la defensa. (..) La documentaci\u00f3n que present\u00f3 la Contralor\u00eda no la tenemos por lo tanto no podemos ni defendernos\u00bb, expres\u00f3 la secretaria de estado.<\/p>\n<p style=\"text-align: justify;\">Resalt\u00f3 que inicialmente maneja la informaci\u00f3n que existe consistencia en sus bienes, a excepci\u00f3n del un periodo del a\u00f1o 2006, en que ella no fue funcionaria p\u00fablica.<\/p>\n<p style=\"text-align: justify;\">\u00abApenas tengamos copia de documentos de la Contralor\u00eda, haremos una aclaratoria ante este \u00f3rgano y con copia ante el Ministerio P\u00fablico\u00bb, revel\u00f3 Bacigalupo.<\/p>\n<p style=\"text-align: justify;\">\u00abTenemos el derecho de contar con esas copias oficiales, ya hemos hecho la presentaci\u00f3n y confiamos en que la Contralor\u00eda respete la ley y respete su reglamento y nos de el derecho a la defensa\u00bb, concluy\u00f3.<\/p>\n<blockquote class=\"twitter-tweet\" data-width=\"550\" data-dnt=\"true\">\n<p lang=\"es\" dir=\"ltr\">La ministra de Trabajo <a href=\"https:\/\/twitter.com\/Carlabacigalupo?ref_src=twsrc%5Etfw\">@Carlabacigalupo<\/a> dijo q explicar\u00e1 sobre la supuesta inconsistencia de su DDJJ tanto a la <a href=\"https:\/\/twitter.com\/contraloriapy?ref_src=twsrc%5Etfw\">@contraloriapy<\/a> como la <a href=\"https:\/\/twitter.com\/MinPublicoPy?ref_src=twsrc%5Etfw\">@MinPublicoPy<\/a> una vez que acceda a documentos usados por Contralor\u00eda para concluir q hubo &quot;dolo&quot;. Pidi\u00f3 respeto a la Ley y derecho a la defensa <a href=\"https:\/\/t.co\/iUcmvNMMrn\">pic.twitter.com\/iUcmvNMMrn<\/a><\/p>\n<p>&mdash; Agenda Paraguay (@agparaguay) <a href=\"https:\/\/twitter.com\/agparaguay\/status\/1192058920375848961?ref_src=twsrc%5Etfw\">November 6, 2019<\/a><\/p><\/blockquote>\n<p><script async src=\"https:\/\/platform.twitter.com\/widgets.js\" charset=\"utf-8\"><\/script><\/p>\n","protected":false},"excerpt":{"rendered":"<p>La Ministra del Trabajo Carla Bacigalupo destac\u00f3 que ya pidi\u00f3 a la Contralor\u00eda General de la Rep\u00fablica el derecho a la defensa as\u00ed como el respeto a las leyes, ya&hellip; <\/p>\n","protected":false},"author":1,"featured_media":14625,"comment_status":"open","ping_status":"open","sticky":false,"template":"","format":"standard","meta":{"sfsi_plus_gutenberg_text_before_share":"","sfsi_plus_gutenberg_show_text_before_share":"","sfsi_plus_gutenberg_icon_type":"","sfsi_plus_gutenberg_icon_alignemt":"","sfsi_plus_gutenburg_max_per_row":"","footnotes":"","_jetpack_memberships_contains_paid_content":false,"jetpack_publicize_message":"","jetpack_publicize_feature_enabled":true,"jetpack_social_post_already_shared":false,"jetpack_social_options":{"image_generator_settings":{"template":"highway","enabled":false},"version":2}},"categories":[2],"tags":[],"jetpack_publicize_connections":[],"jetpack_sharing_enabled":true,"jetpack_featured_media_url":"https:\/\/agendaparaguay.com\/v2\/wp-content\/uploads\/2019\/11\/carla_bacigalupo.jpg","_links":{"self":[{"href":"https:\/\/agendaparaguay.com\/v2\/wp-json\/wp\/v2\/posts\/14624"}],"collection":[{"href":"https:\/\/agendaparaguay.com\/v2\/wp-json\/wp\/v2\/posts"}],"about":[{"href":"https:\/\/agendaparaguay.com\/v2\/wp-json\/wp\/v2\/types\/post"}],"author":[{"embeddable":true,"href":"https:\/\/agendaparaguay.com\/v2\/wp-json\/wp\/v2\/users\/1"}],"replies":[{"embeddable":true,"href":"https:\/\/agendaparaguay.com\/v2\/wp-json\/wp\/v2\/comments?post=14624"}],"version-history":[{"count":1,"href":"https:\/\/agendaparaguay.com\/v2\/wp-json\/wp\/v2\/posts\/14624\/revisions"}],"predecessor-version":[{"id":14626,"href":"https:\/\/agendaparaguay.com\/v2\/wp-json\/wp\/v2\/posts\/14624\/revisions\/14626"}],"wp:featuredmedia":[{"embeddable":true,"href":"https:\/\/agendaparaguay.com\/v2\/wp-json\/wp\/v2\/media\/14625"}],"wp:attachment":[{"href":"https:\/\/agendaparaguay.com\/v2\/wp-json\/wp\/v2\/media?parent=14624"}],"wp:term":[{"taxonomy":"category","embeddable":true,"href":"https:\/\/agendaparaguay.com\/v2\/wp-json\/wp\/v2\/categories?post=14624"},{"taxonomy":"post_tag","embeddable":true,"href":"https:\/\/agendaparaguay.com\/v2\/wp-json\/wp\/v2\/tags?post=14624"}],"curies":[{"name":"wp","href":"https:\/\/api.w.org\/{rel}","templated":true}]}}