{"id":14733,"date":"2019-11-08T20:00:35","date_gmt":"2019-11-08T23:00:35","guid":{"rendered":"http:\/\/agendaparaguay.com\/v2\/?p=14733"},"modified":"2019-11-08T19:00:11","modified_gmt":"2019-11-08T22:00:11","slug":"conforman-equipo-de-fiscales-para-la-final-de-la-sudamericana","status":"publish","type":"post","link":"https:\/\/agendaparaguay.com\/v2\/2019\/11\/08\/conforman-equipo-de-fiscales-para-la-final-de-la-sudamericana\/","title":{"rendered":"Conforman equipo de fiscales para la final de la Sudamericana"},"content":{"rendered":"<p style=\"text-align: justify;\">Mediante Resoluci\u00f3n de la Fiscal\u00eda General del Estado, se conform\u00f3 un equipo de trabajo en el marco a la final de la Copa Sudamericana 2019, a los efectos de realizar procedimientos de control e investigaci\u00f3n.<!--more--><\/p>\n<p style=\"text-align: justify;\">Dicho evento se disputar\u00e1 el s\u00e1bado 9 de noviembre, en el Estadio del Club Cerro Porte\u00f1o, situado en barrio Obrero de Asunci\u00f3n.<\/p>\n<p style=\"text-align: justify;\">\u201cEncuentros de esta naturaleza convocan a una considerable cantidad de personas, lo que amerita que el Ministerio P\u00fablico adopte medidas oportunas para llevar adelante la persecuci\u00f3n de hechos punibles de acci\u00f3n penal p\u00fablica\u201d, se\u00f1alaron desde la Fiscal\u00eda al tiempo de dar a conocer el equipo.<\/p>\n<p style=\"text-align: justify;\">Integran el equipo especial, el Fiscal Adjunto, Jorge Sosa, de la Unidad Especializada de Seguridad y Convivencia de las Personas como coordinador junto a los fiscales Eugenio Ocampos y Juan Carlos Ruiz Diaz.<\/p>\n<p style=\"text-align: justify;\">Adem\u00e1s de los discales Jorge Lebedich, Belinda Bobadilla, Alcides Corval\u00e1n, Lorenzo Lezcano, \u00c1ngel Ram\u00edrez y Nelson Ruiz., de la Unidad Especializada de Derechos Humanos.<br \/>\nIgualmente los Fiscal Adjunto, Ricardo Merlo, Santiago Gonz\u00e1lez Bibolini y Silvia Cabrera.<\/p>\n","protected":false},"excerpt":{"rendered":"<p>Mediante Resoluci\u00f3n de la Fiscal\u00eda General del Estado, se conform\u00f3 un equipo de trabajo en el marco a la final de la Copa Sudamericana 2019, a los efectos de realizar&hellip; <\/p>\n","protected":false},"author":1,"featured_media":14717,"comment_status":"open","ping_status":"open","sticky":false,"template":"","format":"standard","meta":{"sfsi_plus_gutenberg_text_before_share":"","sfsi_plus_gutenberg_show_text_before_share":"","sfsi_plus_gutenberg_icon_type":"","sfsi_plus_gutenberg_icon_alignemt":"","sfsi_plus_gutenburg_max_per_row":"","footnotes":"","_jetpack_memberships_contains_paid_content":false,"jetpack_publicize_message":"","jetpack_publicize_feature_enabled":true,"jetpack_social_post_already_shared":false,"jetpack_social_options":{"image_generator_settings":{"template":"highway","enabled":false},"version":2}},"categories":[5],"tags":[],"jetpack_publicize_connections":[],"jetpack_sharing_enabled":true,"jetpack_featured_media_url":"https:\/\/agendaparaguay.com\/v2\/wp-content\/uploads\/2019\/11\/ministerio_publico_01.jpg","_links":{"self":[{"href":"https:\/\/agendaparaguay.com\/v2\/wp-json\/wp\/v2\/posts\/14733"}],"collection":[{"href":"https:\/\/agendaparaguay.com\/v2\/wp-json\/wp\/v2\/posts"}],"about":[{"href":"https:\/\/agendaparaguay.com\/v2\/wp-json\/wp\/v2\/types\/post"}],"author":[{"embeddable":true,"href":"https:\/\/agendaparaguay.com\/v2\/wp-json\/wp\/v2\/users\/1"}],"replies":[{"embeddable":true,"href":"https:\/\/agendaparaguay.com\/v2\/wp-json\/wp\/v2\/comments?post=14733"}],"version-history":[{"count":1,"href":"https:\/\/agendaparaguay.com\/v2\/wp-json\/wp\/v2\/posts\/14733\/revisions"}],"predecessor-version":[{"id":14734,"href":"https:\/\/agendaparaguay.com\/v2\/wp-json\/wp\/v2\/posts\/14733\/revisions\/14734"}],"wp:featuredmedia":[{"embeddable":true,"href":"https:\/\/agendaparaguay.com\/v2\/wp-json\/wp\/v2\/media\/14717"}],"wp:attachment":[{"href":"https:\/\/agendaparaguay.com\/v2\/wp-json\/wp\/v2\/media?parent=14733"}],"wp:term":[{"taxonomy":"category","embeddable":true,"href":"https:\/\/agendaparaguay.com\/v2\/wp-json\/wp\/v2\/categories?post=14733"},{"taxonomy":"post_tag","embeddable":true,"href":"https:\/\/agendaparaguay.com\/v2\/wp-json\/wp\/v2\/tags?post=14733"}],"curies":[{"name":"wp","href":"https:\/\/api.w.org\/{rel}","templated":true}]}}