{"id":14992,"date":"2019-11-16T11:29:16","date_gmt":"2019-11-16T14:29:16","guid":{"rendered":"http:\/\/agendaparaguay.com\/v2\/?p=14992"},"modified":"2019-11-16T11:29:16","modified_gmt":"2019-11-16T14:29:16","slug":"presidente-hablo-del-caso-gonzalez-daher-esta-en-manos-de-la-justicia","status":"publish","type":"post","link":"https:\/\/agendaparaguay.com\/v2\/2019\/11\/16\/presidente-hablo-del-caso-gonzalez-daher-esta-en-manos-de-la-justicia\/","title":{"rendered":"Presidente hablo del caso Gonz\u00e1lez Daher: \u201cEst\u00e1 en manos de la justicia\u201d"},"content":{"rendered":"<p style=\"text-align: justify;\">El presidente de la rep\u00fablica Mario Abdo Ben\u00edtez se\u00f1al\u00f3 que est\u00e1 en manos de la justicia, el caso del empresario Ram\u00f3n Gonz\u00e1lez Daher quien ayer fue trasladado a la Agrupaci\u00f3n Especializada donde guardar\u00e1 prisi\u00f3n preventiva.<\/p>\n<p style=\"text-align: justify;\">En este contexto, indic\u00f3 que el no tiene el rol de investigar y que el Poder Judicial tiene que cumplir con su deber y definir la responsabilidad o no del mismo, en el hecho que se le investiga.<\/p>\n<p style=\"text-align: justify;\">Asegur\u00f3 que \u00e9l no es \u00abintocable\u00bb, con lo que dej\u00f3 claro que tambi\u00e9n es pasible de investigaci\u00f3n. \u00abEst\u00e1 a cargo de la justicia, ustedes saben que yo lider\u00e9 un proceso de construcci\u00f3n de una conciencia democr\u00e1tica institucionalista. Hicimos una fuerte renovaci\u00f3n del Poder Judicial, justamente apostando a que las instituciones funcionen\u201d, expres\u00f3 el mandatario.<\/p>\n","protected":false},"excerpt":{"rendered":"<p>El presidente de la rep\u00fablica Mario Abdo Ben\u00edtez se\u00f1al\u00f3 que est\u00e1 en manos de la justicia, el caso del empresario Ram\u00f3n Gonz\u00e1lez Daher quien ayer fue trasladado a la Agrupaci\u00f3n&hellip; <\/p>\n","protected":false},"author":1,"featured_media":12611,"comment_status":"open","ping_status":"open","sticky":false,"template":"","format":"standard","meta":{"sfsi_plus_gutenberg_text_before_share":"","sfsi_plus_gutenberg_show_text_before_share":"","sfsi_plus_gutenberg_icon_type":"","sfsi_plus_gutenberg_icon_alignemt":"","sfsi_plus_gutenburg_max_per_row":"","footnotes":"","_jetpack_memberships_contains_paid_content":false,"jetpack_publicize_message":"","jetpack_publicize_feature_enabled":true,"jetpack_social_post_already_shared":false,"jetpack_social_options":{"image_generator_settings":{"template":"highway","enabled":false},"version":2}},"categories":[2],"tags":[],"jetpack_publicize_connections":[],"jetpack_sharing_enabled":true,"jetpack_featured_media_url":"https:\/\/agendaparaguay.com\/v2\/wp-content\/uploads\/2019\/09\/marito_abdo.jpeg","_links":{"self":[{"href":"https:\/\/agendaparaguay.com\/v2\/wp-json\/wp\/v2\/posts\/14992"}],"collection":[{"href":"https:\/\/agendaparaguay.com\/v2\/wp-json\/wp\/v2\/posts"}],"about":[{"href":"https:\/\/agendaparaguay.com\/v2\/wp-json\/wp\/v2\/types\/post"}],"author":[{"embeddable":true,"href":"https:\/\/agendaparaguay.com\/v2\/wp-json\/wp\/v2\/users\/1"}],"replies":[{"embeddable":true,"href":"https:\/\/agendaparaguay.com\/v2\/wp-json\/wp\/v2\/comments?post=14992"}],"version-history":[{"count":1,"href":"https:\/\/agendaparaguay.com\/v2\/wp-json\/wp\/v2\/posts\/14992\/revisions"}],"predecessor-version":[{"id":14993,"href":"https:\/\/agendaparaguay.com\/v2\/wp-json\/wp\/v2\/posts\/14992\/revisions\/14993"}],"wp:featuredmedia":[{"embeddable":true,"href":"https:\/\/agendaparaguay.com\/v2\/wp-json\/wp\/v2\/media\/12611"}],"wp:attachment":[{"href":"https:\/\/agendaparaguay.com\/v2\/wp-json\/wp\/v2\/media?parent=14992"}],"wp:term":[{"taxonomy":"category","embeddable":true,"href":"https:\/\/agendaparaguay.com\/v2\/wp-json\/wp\/v2\/categories?post=14992"},{"taxonomy":"post_tag","embeddable":true,"href":"https:\/\/agendaparaguay.com\/v2\/wp-json\/wp\/v2\/tags?post=14992"}],"curies":[{"name":"wp","href":"https:\/\/api.w.org\/{rel}","templated":true}]}}