{"id":15156,"date":"2019-11-21T07:50:40","date_gmt":"2019-11-21T10:50:40","guid":{"rendered":"http:\/\/agendaparaguay.com\/v2\/?p=15156"},"modified":"2019-11-21T07:25:08","modified_gmt":"2019-11-21T10:25:08","slug":"detienen-a-un-hombre-presuntamente-vinculado-al-homicidio-del-comisario","status":"publish","type":"post","link":"https:\/\/agendaparaguay.com\/v2\/2019\/11\/21\/detienen-a-un-hombre-presuntamente-vinculado-al-homicidio-del-comisario\/","title":{"rendered":"Detienen a un hombre presuntamente vinculado al homicidio del Comisario"},"content":{"rendered":"<p style=\"text-align: justify;\">Tras allanamientos realizados por la agente fiscal Norma Paredes, en la ciudad de Yby Yau y Concepci\u00f3n, fue detenido \u00d2scar Daniel Cabrera Fern\u00e1ndez. Los allanamientos se realizaron con agentes policiales de Investigaci\u00f3n de Delitos de Pte Hayes, de Concepci\u00f3n, Dpto. de Homicidio de Asunci\u00f3n.<!--more--><\/p>\n<p style=\"text-align: justify;\">El mismo fue aprehendido en el marco de la investigaci\u00f3n del asesinato del comisario principal Arsenio Gonz\u00e1lez Herrera, en el barrio Primavera de Concepci\u00f3n.<\/p>\n<p style=\"text-align: justify;\">El detenido deber\u00e1 presentarse a declarar ante la Unidad fiscal y ser\u00e1 puesto a disposici\u00f3n del Juzgado interviniente.<\/p>\n","protected":false},"excerpt":{"rendered":"<p>Tras allanamientos realizados por la agente fiscal Norma Paredes, en la ciudad de Yby Yau y Concepci\u00f3n, fue detenido \u00d2scar Daniel Cabrera Fern\u00e1ndez. Los allanamientos se realizaron con agentes policiales&hellip; <\/p>\n","protected":false},"author":1,"featured_media":8537,"comment_status":"open","ping_status":"open","sticky":false,"template":"","format":"standard","meta":{"sfsi_plus_gutenberg_text_before_share":"","sfsi_plus_gutenberg_show_text_before_share":"","sfsi_plus_gutenberg_icon_type":"","sfsi_plus_gutenberg_icon_alignemt":"","sfsi_plus_gutenburg_max_per_row":"","footnotes":"","_jetpack_memberships_contains_paid_content":false,"jetpack_publicize_message":"","jetpack_publicize_feature_enabled":true,"jetpack_social_post_already_shared":false,"jetpack_social_options":{"image_generator_settings":{"template":"highway","enabled":false},"version":2}},"categories":[5],"tags":[],"jetpack_publicize_connections":[],"jetpack_sharing_enabled":true,"jetpack_featured_media_url":"https:\/\/agendaparaguay.com\/v2\/wp-content\/uploads\/2019\/05\/patrulla_policia_nacional.jpg","_links":{"self":[{"href":"https:\/\/agendaparaguay.com\/v2\/wp-json\/wp\/v2\/posts\/15156"}],"collection":[{"href":"https:\/\/agendaparaguay.com\/v2\/wp-json\/wp\/v2\/posts"}],"about":[{"href":"https:\/\/agendaparaguay.com\/v2\/wp-json\/wp\/v2\/types\/post"}],"author":[{"embeddable":true,"href":"https:\/\/agendaparaguay.com\/v2\/wp-json\/wp\/v2\/users\/1"}],"replies":[{"embeddable":true,"href":"https:\/\/agendaparaguay.com\/v2\/wp-json\/wp\/v2\/comments?post=15156"}],"version-history":[{"count":1,"href":"https:\/\/agendaparaguay.com\/v2\/wp-json\/wp\/v2\/posts\/15156\/revisions"}],"predecessor-version":[{"id":15157,"href":"https:\/\/agendaparaguay.com\/v2\/wp-json\/wp\/v2\/posts\/15156\/revisions\/15157"}],"wp:featuredmedia":[{"embeddable":true,"href":"https:\/\/agendaparaguay.com\/v2\/wp-json\/wp\/v2\/media\/8537"}],"wp:attachment":[{"href":"https:\/\/agendaparaguay.com\/v2\/wp-json\/wp\/v2\/media?parent=15156"}],"wp:term":[{"taxonomy":"category","embeddable":true,"href":"https:\/\/agendaparaguay.com\/v2\/wp-json\/wp\/v2\/categories?post=15156"},{"taxonomy":"post_tag","embeddable":true,"href":"https:\/\/agendaparaguay.com\/v2\/wp-json\/wp\/v2\/tags?post=15156"}],"curies":[{"name":"wp","href":"https:\/\/api.w.org\/{rel}","templated":true}]}}