{"id":15298,"date":"2019-11-25T18:38:00","date_gmt":"2019-11-25T21:38:00","guid":{"rendered":"http:\/\/agendaparaguay.com\/v2\/?p=15298"},"modified":"2019-11-25T18:38:00","modified_gmt":"2019-11-25T21:38:00","slug":"ministro-confirma-que-denunciara-al-senador-cubas-ante-la-fiscalia-y-el-congreso","status":"publish","type":"post","link":"https:\/\/agendaparaguay.com\/v2\/2019\/11\/25\/ministro-confirma-que-denunciara-al-senador-cubas-ante-la-fiscalia-y-el-congreso\/","title":{"rendered":"Ministro confirma que denunciar\u00e1 al senador Cubas ante la Fiscal\u00eda y el Congreso"},"content":{"rendered":"<p style=\"text-align: justify;\">\u00abEs un provocador profesional o un desequilibrado, no creo que nadie salga a defenderlo\u00bb se\u00f1al\u00f3 en declaraciones a \u00d1anduti el Ministro del Interior, Euclides Acevedo, al referirse a la conducta del senador Paraguayo Cubas, quien hoy agredi\u00f3 f\u00edsicamente a dos uniformados en Minga Pora.<!--more--><\/p>\n<p style=\"text-align: justify;\">\u00abEste es un enajenado, yo en absoluto acepto este comportamiento y le desaf\u00edo a Paraguayo Cubas en el campo del Derecho y donde sea. Basta ya, se acab\u00f3 la milonga con este tipo\u00bb, dijo energ\u00e9ticamente el secretario de estado.<\/p>\n<p style=\"text-align: justify;\">Cubas, adem\u00e1s de agredir verbal y f\u00edsicamente a dos uniformados pate\u00f3 una patrullera de la Polic\u00eda Nacional.<\/p>\n<p style=\"text-align: justify;\">\u00abNosotros vamos a hacer una denuncia a la fiscal\u00eda por su comportamiento. Yo soy un paraguayo en serio y no voy a aguantar\u00bb, refiri\u00f3 al tiempo de confirmar que presentar\u00e1 igualmente una denuncia ante Congreso por la inconducta del legislador.<\/p>\n<p style=\"text-align: justify;\">\n\u00abEsta no es forma de ganar votos\u00bb, sentenci\u00f3.<\/p>\n","protected":false},"excerpt":{"rendered":"<p>\u00abEs un provocador profesional o un desequilibrado, no creo que nadie salga a defenderlo\u00bb se\u00f1al\u00f3 en declaraciones a \u00d1anduti el Ministro del Interior, Euclides Acevedo, al referirse a la conducta&hellip; <\/p>\n","protected":false},"author":1,"featured_media":14062,"comment_status":"open","ping_status":"open","sticky":false,"template":"","format":"standard","meta":{"sfsi_plus_gutenberg_text_before_share":"","sfsi_plus_gutenberg_show_text_before_share":"","sfsi_plus_gutenberg_icon_type":"","sfsi_plus_gutenberg_icon_alignemt":"","sfsi_plus_gutenburg_max_per_row":"","footnotes":"","_jetpack_memberships_contains_paid_content":false,"jetpack_publicize_message":"","jetpack_publicize_feature_enabled":true,"jetpack_social_post_already_shared":false,"jetpack_social_options":{"image_generator_settings":{"template":"highway","enabled":false},"version":2}},"categories":[5],"tags":[],"jetpack_publicize_connections":[],"jetpack_sharing_enabled":true,"jetpack_featured_media_url":"https:\/\/agendaparaguay.com\/v2\/wp-content\/uploads\/2019\/10\/euclides_acevedo_2.jpeg","_links":{"self":[{"href":"https:\/\/agendaparaguay.com\/v2\/wp-json\/wp\/v2\/posts\/15298"}],"collection":[{"href":"https:\/\/agendaparaguay.com\/v2\/wp-json\/wp\/v2\/posts"}],"about":[{"href":"https:\/\/agendaparaguay.com\/v2\/wp-json\/wp\/v2\/types\/post"}],"author":[{"embeddable":true,"href":"https:\/\/agendaparaguay.com\/v2\/wp-json\/wp\/v2\/users\/1"}],"replies":[{"embeddable":true,"href":"https:\/\/agendaparaguay.com\/v2\/wp-json\/wp\/v2\/comments?post=15298"}],"version-history":[{"count":1,"href":"https:\/\/agendaparaguay.com\/v2\/wp-json\/wp\/v2\/posts\/15298\/revisions"}],"predecessor-version":[{"id":15299,"href":"https:\/\/agendaparaguay.com\/v2\/wp-json\/wp\/v2\/posts\/15298\/revisions\/15299"}],"wp:featuredmedia":[{"embeddable":true,"href":"https:\/\/agendaparaguay.com\/v2\/wp-json\/wp\/v2\/media\/14062"}],"wp:attachment":[{"href":"https:\/\/agendaparaguay.com\/v2\/wp-json\/wp\/v2\/media?parent=15298"}],"wp:term":[{"taxonomy":"category","embeddable":true,"href":"https:\/\/agendaparaguay.com\/v2\/wp-json\/wp\/v2\/categories?post=15298"},{"taxonomy":"post_tag","embeddable":true,"href":"https:\/\/agendaparaguay.com\/v2\/wp-json\/wp\/v2\/tags?post=15298"}],"curies":[{"name":"wp","href":"https:\/\/api.w.org\/{rel}","templated":true}]}}