{"id":15391,"date":"2019-11-27T17:10:18","date_gmt":"2019-11-27T20:10:18","guid":{"rendered":"http:\/\/agendaparaguay.com\/v2\/?p=15391"},"modified":"2019-11-27T13:16:42","modified_gmt":"2019-11-27T16:16:42","slug":"buzarquis-defendio-a-payo-y-justifico-agresion-de-su-colega","status":"publish","type":"post","link":"https:\/\/agendaparaguay.com\/v2\/2019\/11\/27\/buzarquis-defendio-a-payo-y-justifico-agresion-de-su-colega\/","title":{"rendered":"Buzarquis defendi\u00f3 a Payo y justific\u00f3 agresi\u00f3n de su colega"},"content":{"rendered":"<p style=\"text-align: justify;\">Tras los incidentes protagonizados por el senador Paraguayo Cubas, quien agredi\u00f3 f\u00edsicamente a un efectivo de la Polic\u00eda Nacional, el senador liberal Salyn Buzaquis justific\u00f3 la actitud de su colega de Cruzada Nacional de quien dijo que \u00abrepresenta la rabia de la ciudadan\u00eda hacia el sistema\u00bb.<!--more--><\/p>\n<p style=\"text-align: justify;\">Indic\u00f3 que no se puede negar que la poblaci\u00f3n paraguaya est\u00e1 atravesando un dif\u00edcil momento a causa de la crisis econ\u00f3mica, y con problemas de inseguridad, por lo que Cubas pasa representar esa \u00abbronca ciudadana\u00bb.<\/p>\n<p style=\"text-align: justify;\">Aclar\u00f3 sin embargo que en lo particular \u00e9l no utilizar\u00eda el sistema aplicado por Cubas, ya que no recurrir\u00eda a la violencia como m\u00e9todo de reclamo.<\/p>\n<p style=\"text-align: justify;\">\u00abNo soy juez de Paraguayo Cubas, pero en muchas reivindicaciones coincido con \u00e9l. Yo no har\u00eda eso (agredir) , pero hay que reconocer que existe mucha bronca ciudadana y \u00e9l representa esa rabia hacia el sistema\u00bb, indic\u00f3.<\/p>\n<p style=\"text-align: justify;\">Aclar\u00f3 que no incitar\u00eda a violentar a nadie, pero insisti\u00f3 que la crisis social genera una rabia colectiva y eso se refleja en la conducta del legislador.<\/p>\n","protected":false},"excerpt":{"rendered":"<p>Tras los incidentes protagonizados por el senador Paraguayo Cubas, quien agredi\u00f3 f\u00edsicamente a un efectivo de la Polic\u00eda Nacional, el senador liberal Salyn Buzaquis justific\u00f3 la actitud de su colega&hellip; <\/p>\n","protected":false},"author":1,"featured_media":10306,"comment_status":"open","ping_status":"open","sticky":false,"template":"","format":"standard","meta":{"sfsi_plus_gutenberg_text_before_share":"","sfsi_plus_gutenberg_show_text_before_share":"","sfsi_plus_gutenberg_icon_type":"","sfsi_plus_gutenberg_icon_alignemt":"","sfsi_plus_gutenburg_max_per_row":"","footnotes":"","_jetpack_memberships_contains_paid_content":false,"jetpack_publicize_message":"","jetpack_publicize_feature_enabled":true,"jetpack_social_post_already_shared":false,"jetpack_social_options":{"image_generator_settings":{"template":"highway","enabled":false},"version":2}},"categories":[2],"tags":[],"jetpack_publicize_connections":[],"jetpack_sharing_enabled":true,"jetpack_featured_media_url":"https:\/\/agendaparaguay.com\/v2\/wp-content\/uploads\/2019\/07\/sen_salyn_buzarquis.jpg","_links":{"self":[{"href":"https:\/\/agendaparaguay.com\/v2\/wp-json\/wp\/v2\/posts\/15391"}],"collection":[{"href":"https:\/\/agendaparaguay.com\/v2\/wp-json\/wp\/v2\/posts"}],"about":[{"href":"https:\/\/agendaparaguay.com\/v2\/wp-json\/wp\/v2\/types\/post"}],"author":[{"embeddable":true,"href":"https:\/\/agendaparaguay.com\/v2\/wp-json\/wp\/v2\/users\/1"}],"replies":[{"embeddable":true,"href":"https:\/\/agendaparaguay.com\/v2\/wp-json\/wp\/v2\/comments?post=15391"}],"version-history":[{"count":1,"href":"https:\/\/agendaparaguay.com\/v2\/wp-json\/wp\/v2\/posts\/15391\/revisions"}],"predecessor-version":[{"id":15392,"href":"https:\/\/agendaparaguay.com\/v2\/wp-json\/wp\/v2\/posts\/15391\/revisions\/15392"}],"wp:featuredmedia":[{"embeddable":true,"href":"https:\/\/agendaparaguay.com\/v2\/wp-json\/wp\/v2\/media\/10306"}],"wp:attachment":[{"href":"https:\/\/agendaparaguay.com\/v2\/wp-json\/wp\/v2\/media?parent=15391"}],"wp:term":[{"taxonomy":"category","embeddable":true,"href":"https:\/\/agendaparaguay.com\/v2\/wp-json\/wp\/v2\/categories?post=15391"},{"taxonomy":"post_tag","embeddable":true,"href":"https:\/\/agendaparaguay.com\/v2\/wp-json\/wp\/v2\/tags?post=15391"}],"curies":[{"name":"wp","href":"https:\/\/api.w.org\/{rel}","templated":true}]}}