{"id":15534,"date":"2019-12-02T14:50:53","date_gmt":"2019-12-02T17:50:53","guid":{"rendered":"http:\/\/agendaparaguay.com\/v2\/?p=15534"},"modified":"2019-12-02T13:40:18","modified_gmt":"2019-12-02T16:40:18","slug":"rocio-abed-asumira-la-banca-de-ulises-quintana-quien-volvio-a-prision","status":"publish","type":"post","link":"https:\/\/agendaparaguay.com\/v2\/2019\/12\/02\/rocio-abed-asumira-la-banca-de-ulises-quintana-quien-volvio-a-prision\/","title":{"rendered":"Roc\u00edo Abed asumir\u00e1 la banca de Ulises Quintana quien volvi\u00f3 a prisi\u00f3n."},"content":{"rendered":"<p style=\"text-align: justify;\">La Diputada suplente de la ANR por el Departamento de Alto Paran\u00e1, Roc\u00edo Abed deber\u00e1 retomar la banca en la c\u00e1mara de Diputados en reemplazo de su colega titular Ulises Quintana, quien retorn\u00f3 el viernes \u00faltimo a la C\u00e1rcel Militar de Vi\u00f1as Cu\u00e9.<!--more--><\/p>\n<p style=\"text-align: justify;\">En este contexto, el diputado Tadeo Rojas explic\u00f3 que en esta oportunidad el pleno no deber\u00eda aceptar el pedido de permiso de Quintana, tal como lo hizo la ocasi\u00f3n anterior, ya que no est\u00e1 establecido dentro del reglamento de la c\u00e1mara el pedido de permiso por prisi\u00f3n preventiva de titular.<\/p>\n<p style=\"text-align: justify;\">\u00abquien debe asumir de inmediato es la diputada (Sheila) Abed, quien de hecho ya asumi\u00f3 la vez anterior, porque ella es la suplente n\u00famero uno del Departamento del Alto Paran\u00e1\u00bb, resalt\u00f3 el parlamentario.<\/p>\n","protected":false},"excerpt":{"rendered":"<p>La Diputada suplente de la ANR por el Departamento de Alto Paran\u00e1, Roc\u00edo Abed deber\u00e1 retomar la banca en la c\u00e1mara de Diputados en reemplazo de su colega titular Ulises&hellip; <\/p>\n","protected":false},"author":1,"featured_media":6686,"comment_status":"open","ping_status":"open","sticky":false,"template":"","format":"standard","meta":{"sfsi_plus_gutenberg_text_before_share":"","sfsi_plus_gutenberg_show_text_before_share":"","sfsi_plus_gutenberg_icon_type":"","sfsi_plus_gutenberg_icon_alignemt":"","sfsi_plus_gutenburg_max_per_row":"","footnotes":"","_jetpack_memberships_contains_paid_content":false,"jetpack_publicize_message":"","jetpack_publicize_feature_enabled":true,"jetpack_social_post_already_shared":false,"jetpack_social_options":{"image_generator_settings":{"template":"highway","enabled":false},"version":2}},"categories":[4],"tags":[],"jetpack_publicize_connections":[],"jetpack_sharing_enabled":true,"jetpack_featured_media_url":"https:\/\/agendaparaguay.com\/v2\/wp-content\/uploads\/2019\/04\/dip_rocio_abed_1.jpeg","_links":{"self":[{"href":"https:\/\/agendaparaguay.com\/v2\/wp-json\/wp\/v2\/posts\/15534"}],"collection":[{"href":"https:\/\/agendaparaguay.com\/v2\/wp-json\/wp\/v2\/posts"}],"about":[{"href":"https:\/\/agendaparaguay.com\/v2\/wp-json\/wp\/v2\/types\/post"}],"author":[{"embeddable":true,"href":"https:\/\/agendaparaguay.com\/v2\/wp-json\/wp\/v2\/users\/1"}],"replies":[{"embeddable":true,"href":"https:\/\/agendaparaguay.com\/v2\/wp-json\/wp\/v2\/comments?post=15534"}],"version-history":[{"count":1,"href":"https:\/\/agendaparaguay.com\/v2\/wp-json\/wp\/v2\/posts\/15534\/revisions"}],"predecessor-version":[{"id":15535,"href":"https:\/\/agendaparaguay.com\/v2\/wp-json\/wp\/v2\/posts\/15534\/revisions\/15535"}],"wp:featuredmedia":[{"embeddable":true,"href":"https:\/\/agendaparaguay.com\/v2\/wp-json\/wp\/v2\/media\/6686"}],"wp:attachment":[{"href":"https:\/\/agendaparaguay.com\/v2\/wp-json\/wp\/v2\/media?parent=15534"}],"wp:term":[{"taxonomy":"category","embeddable":true,"href":"https:\/\/agendaparaguay.com\/v2\/wp-json\/wp\/v2\/categories?post=15534"},{"taxonomy":"post_tag","embeddable":true,"href":"https:\/\/agendaparaguay.com\/v2\/wp-json\/wp\/v2\/tags?post=15534"}],"curies":[{"name":"wp","href":"https:\/\/api.w.org\/{rel}","templated":true}]}}