{"id":15550,"date":"2019-12-03T07:30:23","date_gmt":"2019-12-03T10:30:23","guid":{"rendered":"http:\/\/agendaparaguay.com\/v2\/?p=15550"},"modified":"2019-12-03T07:27:49","modified_gmt":"2019-12-03T10:27:49","slug":"declaran-rebeldia-de-ex-ministro-de-la-funcion-publica","status":"publish","type":"post","link":"https:\/\/agendaparaguay.com\/v2\/2019\/12\/03\/declaran-rebeldia-de-ex-ministro-de-la-funcion-publica\/","title":{"rendered":"Ordenan captura de ex ministro de la Funci\u00f3n P\u00fablica"},"content":{"rendered":"<p style=\"text-align: justify;\">El ex ministro de la Funci\u00f3n P\u00fablica, Humberto Peralta fue declarado en rebeld\u00eda y se orden\u00f3 su captura, por no presentarse a prestar declaraci\u00f3n en el marco de un juicio por difamaci\u00f3n, calumnia e injuria.<!--more--><\/p>\n<p style=\"text-align: justify;\">La causa fue promovida por Ever Cabrera, ex Director de la Direcci\u00f3n Nacional de Tecnolog\u00eda y Normalizaci\u00f3n (INTN), quien en su momento fue acusado por Peralta de recibir doble remuneraci\u00f3n, uno en calidad de Director de dicha instituci\u00f3n y otra como docente.<\/p>\n<p style=\"text-align: justify;\">Peralta ya intent\u00f3 eludir a la justicia con la presentaci\u00f3n de certificados m\u00e9dicos en reiteradas ocasiones, y en esta oportunidad fue declarado en rebeld\u00eda.<\/p>\n<p style=\"text-align: justify;\">El ex alto funcionario, de ser condenado, podr\u00eda pagar un alto costo a Cabrera por los da\u00f1os ocasionados tras su acusaci\u00f3n.<\/p>\n","protected":false},"excerpt":{"rendered":"<p>El ex ministro de la Funci\u00f3n P\u00fablica, Humberto Peralta fue declarado en rebeld\u00eda y se orden\u00f3 su captura, por no presentarse a prestar declaraci\u00f3n en el marco de un juicio&hellip; <\/p>\n","protected":false},"author":1,"featured_media":15551,"comment_status":"open","ping_status":"open","sticky":false,"template":"","format":"standard","meta":{"sfsi_plus_gutenberg_text_before_share":"","sfsi_plus_gutenberg_show_text_before_share":"","sfsi_plus_gutenberg_icon_type":"","sfsi_plus_gutenberg_icon_alignemt":"","sfsi_plus_gutenburg_max_per_row":"","footnotes":"","_jetpack_memberships_contains_paid_content":false,"jetpack_publicize_message":"","jetpack_publicize_feature_enabled":true,"jetpack_social_post_already_shared":false,"jetpack_social_options":{"image_generator_settings":{"template":"highway","enabled":false},"version":2}},"categories":[5],"tags":[],"jetpack_publicize_connections":[],"jetpack_sharing_enabled":true,"jetpack_featured_media_url":"https:\/\/agendaparaguay.com\/v2\/wp-content\/uploads\/2019\/12\/ministro_humberto_peralta_01.jpg","_links":{"self":[{"href":"https:\/\/agendaparaguay.com\/v2\/wp-json\/wp\/v2\/posts\/15550"}],"collection":[{"href":"https:\/\/agendaparaguay.com\/v2\/wp-json\/wp\/v2\/posts"}],"about":[{"href":"https:\/\/agendaparaguay.com\/v2\/wp-json\/wp\/v2\/types\/post"}],"author":[{"embeddable":true,"href":"https:\/\/agendaparaguay.com\/v2\/wp-json\/wp\/v2\/users\/1"}],"replies":[{"embeddable":true,"href":"https:\/\/agendaparaguay.com\/v2\/wp-json\/wp\/v2\/comments?post=15550"}],"version-history":[{"count":2,"href":"https:\/\/agendaparaguay.com\/v2\/wp-json\/wp\/v2\/posts\/15550\/revisions"}],"predecessor-version":[{"id":15553,"href":"https:\/\/agendaparaguay.com\/v2\/wp-json\/wp\/v2\/posts\/15550\/revisions\/15553"}],"wp:featuredmedia":[{"embeddable":true,"href":"https:\/\/agendaparaguay.com\/v2\/wp-json\/wp\/v2\/media\/15551"}],"wp:attachment":[{"href":"https:\/\/agendaparaguay.com\/v2\/wp-json\/wp\/v2\/media?parent=15550"}],"wp:term":[{"taxonomy":"category","embeddable":true,"href":"https:\/\/agendaparaguay.com\/v2\/wp-json\/wp\/v2\/categories?post=15550"},{"taxonomy":"post_tag","embeddable":true,"href":"https:\/\/agendaparaguay.com\/v2\/wp-json\/wp\/v2\/tags?post=15550"}],"curies":[{"name":"wp","href":"https:\/\/api.w.org\/{rel}","templated":true}]}}