{"id":15556,"date":"2019-12-03T09:00:51","date_gmt":"2019-12-03T12:00:51","guid":{"rendered":"http:\/\/agendaparaguay.com\/v2\/?p=15556"},"modified":"2019-12-03T08:08:52","modified_gmt":"2019-12-03T11:08:52","slug":"recomiendan-rechazar-proyecto-que-despenaliza-de-cultivo-de-canabbis-para-uso-medicinal","status":"publish","type":"post","link":"https:\/\/agendaparaguay.com\/v2\/2019\/12\/03\/recomiendan-rechazar-proyecto-que-despenaliza-de-cultivo-de-canabbis-para-uso-medicinal\/","title":{"rendered":"Recomiendan rechazar proyecto que despenaliza de cultivo de canabbis para uso medicinal"},"content":{"rendered":"<p style=\"text-align: justify;\">Tras recibir al ministro de la Secretar\u00eda Nacional Antidrogas (SENAD), Arnaldo Giuzzio, la Comisi\u00f3n de Legislaci\u00f3n de diputados sugiri\u00f3 el rechazo del proyecto de ley que plantea despenalizar el cultivo del canabbis para uso medicinal.<!--more--><\/p>\n<p style=\"text-align: justify;\">Se trata del proyecto que modifica varios art\u00edculos de la ley que reprime el tr\u00e1fico il\u00edcito de estupefacientes y drogas peligrosas y otros delitos afines y establece medidas de prevenci\u00f3n y recuperaci\u00f3n de farmacoindependientes.<\/p>\n<p style=\"text-align: justify;\">El documento fue aprobado en el Senado, pero la Comisi\u00f3n de Legislaci\u00f3n de Diputados sugiere su rechazo, seg\u00fan explic\u00f3 el titular de este \u00b4\u00f3rgano asesor, Jorge Avalos Mari\u00f1o.<\/p>\n<p style=\"text-align: justify;\">Avalos Mari\u00f1o refiri\u00f3 que por recomendaci\u00f3n de la SENAD y el Ministerio P\u00fablico, dictaminaron por el rechazo.<\/p>\n<p style=\"text-align: justify;\">\u201cEl proyecto en s\u00ed contradice compromisos internacionales asumidos por el Paraguay en cuanto a tratados internacionales. Y otra cuesti\u00f3n tambi\u00e9n, es que lo que se plantea en esta iniciativa, ya est\u00e1 regulada en la Ley 6007\/17 \u2018Que crea el programa nacional para el estudio, de la investigaci\u00f3n m\u00e9dica y cient\u00edfica, del uso del cannabis y sus derivados\u2019\u201d, detall\u00f3 el parlamentario.<\/p>\n<p style=\"text-align: justify;\">La iniciativa aguarda su tratamiento por parte de la C\u00e1mara Baja, que cuenta con sanci\u00f3n autom\u00e1tica, el pr\u00f3ximo 19 de diciembre.<\/p>\n","protected":false},"excerpt":{"rendered":"<p>Tras recibir al ministro de la Secretar\u00eda Nacional Antidrogas (SENAD), Arnaldo Giuzzio, la Comisi\u00f3n de Legislaci\u00f3n de diputados sugiri\u00f3 el rechazo del proyecto de ley que plantea despenalizar el cultivo&hellip; <\/p>\n","protected":false},"author":1,"featured_media":5650,"comment_status":"open","ping_status":"open","sticky":false,"template":"","format":"standard","meta":{"sfsi_plus_gutenberg_text_before_share":"","sfsi_plus_gutenberg_show_text_before_share":"","sfsi_plus_gutenberg_icon_type":"","sfsi_plus_gutenberg_icon_alignemt":"","sfsi_plus_gutenburg_max_per_row":"","footnotes":"","_jetpack_memberships_contains_paid_content":false,"jetpack_publicize_message":"","jetpack_publicize_feature_enabled":true,"jetpack_social_post_already_shared":false,"jetpack_social_options":{"image_generator_settings":{"template":"highway","enabled":false},"version":2}},"categories":[4],"tags":[],"jetpack_publicize_connections":[],"jetpack_sharing_enabled":true,"jetpack_featured_media_url":"https:\/\/agendaparaguay.com\/v2\/wp-content\/uploads\/2019\/03\/jorge_avalos_mario_diputado.jpeg","_links":{"self":[{"href":"https:\/\/agendaparaguay.com\/v2\/wp-json\/wp\/v2\/posts\/15556"}],"collection":[{"href":"https:\/\/agendaparaguay.com\/v2\/wp-json\/wp\/v2\/posts"}],"about":[{"href":"https:\/\/agendaparaguay.com\/v2\/wp-json\/wp\/v2\/types\/post"}],"author":[{"embeddable":true,"href":"https:\/\/agendaparaguay.com\/v2\/wp-json\/wp\/v2\/users\/1"}],"replies":[{"embeddable":true,"href":"https:\/\/agendaparaguay.com\/v2\/wp-json\/wp\/v2\/comments?post=15556"}],"version-history":[{"count":1,"href":"https:\/\/agendaparaguay.com\/v2\/wp-json\/wp\/v2\/posts\/15556\/revisions"}],"predecessor-version":[{"id":15557,"href":"https:\/\/agendaparaguay.com\/v2\/wp-json\/wp\/v2\/posts\/15556\/revisions\/15557"}],"wp:featuredmedia":[{"embeddable":true,"href":"https:\/\/agendaparaguay.com\/v2\/wp-json\/wp\/v2\/media\/5650"}],"wp:attachment":[{"href":"https:\/\/agendaparaguay.com\/v2\/wp-json\/wp\/v2\/media?parent=15556"}],"wp:term":[{"taxonomy":"category","embeddable":true,"href":"https:\/\/agendaparaguay.com\/v2\/wp-json\/wp\/v2\/categories?post=15556"},{"taxonomy":"post_tag","embeddable":true,"href":"https:\/\/agendaparaguay.com\/v2\/wp-json\/wp\/v2\/tags?post=15556"}],"curies":[{"name":"wp","href":"https:\/\/api.w.org\/{rel}","templated":true}]}}