{"id":15753,"date":"2019-12-09T07:00:04","date_gmt":"2019-12-09T10:00:04","guid":{"rendered":"http:\/\/agendaparaguay.com\/v2\/?p=15753"},"modified":"2019-12-09T06:59:30","modified_gmt":"2019-12-09T09:59:30","slug":"fin-de-semana-deja-21-fallecidos","status":"publish","type":"post","link":"https:\/\/agendaparaguay.com\/v2\/2019\/12\/09\/fin-de-semana-deja-21-fallecidos\/","title":{"rendered":"Fin de semana deja 21 fallecidos"},"content":{"rendered":"<p style=\"text-align: justify;\">Un violento fin de semana nuevamente estuvo marcado por hechos de sangre, seg\u00fan el reporte de la Direcci\u00f3n de Meteorolog\u00eda.<!--more--><\/p>\n<p style=\"text-align: justify;\">En este contexto, 12 personas perdieron la vida en accidentes de tr\u00e1nsito, y se registr\u00f3 un total de 5 casos de homicidios, 1 caso de suicidio, 1 de feminicidio, 1 caso de electrocuci\u00f3n y un caso de ahogamiento.<\/p>\n<p style=\"text-align: justify;\">La polic\u00eda report\u00f3 igualmente que durante el fin de semana, los diferentes puestos de control report\u00f3 que 40 personas quedaron detenidas, mientras 108 fueron aprehendidas.<\/p>\n","protected":false},"excerpt":{"rendered":"<p>Un violento fin de semana nuevamente estuvo marcado por hechos de sangre, seg\u00fan el reporte de la Direcci\u00f3n de Meteorolog\u00eda.<\/p>\n","protected":false},"author":1,"featured_media":15064,"comment_status":"open","ping_status":"open","sticky":false,"template":"","format":"standard","meta":{"sfsi_plus_gutenberg_text_before_share":"","sfsi_plus_gutenberg_show_text_before_share":"","sfsi_plus_gutenberg_icon_type":"","sfsi_plus_gutenberg_icon_alignemt":"","sfsi_plus_gutenburg_max_per_row":"","footnotes":"","_jetpack_memberships_contains_paid_content":false,"jetpack_publicize_message":"","jetpack_publicize_feature_enabled":true,"jetpack_social_post_already_shared":false,"jetpack_social_options":{"image_generator_settings":{"template":"highway","enabled":false},"version":2}},"categories":[5],"tags":[],"jetpack_publicize_connections":[],"jetpack_sharing_enabled":true,"jetpack_featured_media_url":"https:\/\/agendaparaguay.com\/v2\/wp-content\/uploads\/2019\/11\/accidente_taxi.jpeg","_links":{"self":[{"href":"https:\/\/agendaparaguay.com\/v2\/wp-json\/wp\/v2\/posts\/15753"}],"collection":[{"href":"https:\/\/agendaparaguay.com\/v2\/wp-json\/wp\/v2\/posts"}],"about":[{"href":"https:\/\/agendaparaguay.com\/v2\/wp-json\/wp\/v2\/types\/post"}],"author":[{"embeddable":true,"href":"https:\/\/agendaparaguay.com\/v2\/wp-json\/wp\/v2\/users\/1"}],"replies":[{"embeddable":true,"href":"https:\/\/agendaparaguay.com\/v2\/wp-json\/wp\/v2\/comments?post=15753"}],"version-history":[{"count":1,"href":"https:\/\/agendaparaguay.com\/v2\/wp-json\/wp\/v2\/posts\/15753\/revisions"}],"predecessor-version":[{"id":15754,"href":"https:\/\/agendaparaguay.com\/v2\/wp-json\/wp\/v2\/posts\/15753\/revisions\/15754"}],"wp:featuredmedia":[{"embeddable":true,"href":"https:\/\/agendaparaguay.com\/v2\/wp-json\/wp\/v2\/media\/15064"}],"wp:attachment":[{"href":"https:\/\/agendaparaguay.com\/v2\/wp-json\/wp\/v2\/media?parent=15753"}],"wp:term":[{"taxonomy":"category","embeddable":true,"href":"https:\/\/agendaparaguay.com\/v2\/wp-json\/wp\/v2\/categories?post=15753"},{"taxonomy":"post_tag","embeddable":true,"href":"https:\/\/agendaparaguay.com\/v2\/wp-json\/wp\/v2\/tags?post=15753"}],"curies":[{"name":"wp","href":"https:\/\/api.w.org\/{rel}","templated":true}]}}