{"id":15815,"date":"2019-12-10T10:30:25","date_gmt":"2019-12-10T13:30:25","guid":{"rendered":"http:\/\/agendaparaguay.com\/v2\/?p=15815"},"modified":"2019-12-10T10:19:02","modified_gmt":"2019-12-10T13:19:02","slug":"senador-resalta-encuesta-que-lo-ubica-entre-favoritos-para-asuncion","status":"publish","type":"post","link":"https:\/\/agendaparaguay.com\/v2\/2019\/12\/10\/senador-resalta-encuesta-que-lo-ubica-entre-favoritos-para-asuncion\/","title":{"rendered":"Senador resalta encuesta que lo ubica entre favoritos para Asunci\u00f3n"},"content":{"rendered":"<p style=\"text-align: justify;\">Una encuesta dada a conocer en la v\u00edspera, ubica al senador Martin Ar\u00e9valo como candidato mejor posicionado para las pr\u00f3ximas elecciones municipales, en la capital del pa\u00eds. Se trata de un sondeo realizado por la encuestadora Ati Snead.<!--more--><\/p>\n<p style=\"text-align: justify;\">Ar\u00e9valo marca como favorito tanto en las internas de su partido, la ANR como a nivel general. El legislador integra el equipo pol\u00edtico del presidente Mario Abdo Ben\u00edtez.<\/p>\n<p style=\"text-align: justify;\">En declaraciones a Radio Chaco Boreal, el parlamentario dijo que lleva m\u00e1s de 20 a\u00f1os en la Municipalidad de Asunci\u00f3n, donde los \u00faltimos periodos ocup\u00f3 el cargo de concejal municipal.<\/p>\n<p style=\"text-align: justify;\">El legislador resalt\u00f3 que despu\u00e9s de mucho analizar con su equipo pol\u00edtico decidi\u00f3 pujar por el municipio. Resalt\u00f3 que la gente est\u00e1 cansada de la deficiente gesti\u00f3n del actual jefe comunal, Mario Ferreiro.<\/p>\n<p style=\"text-align: justify;\">\u00abLa gesti\u00f3n de Mario Ferreiro es bastante malo. Justamente ve\u00eda en la encuesta que el 95% de los ciudadanos asuncenos rechazan su gesti\u00f3n. Ven en m\u00ed a una persona con experiencia en cuanto a gesti\u00f3n municipal. (..) La gente ya no busca una persona medi\u00e1tica. Las dos personas medi\u00e1ticas que fueron all\u00ed. Ferreiro y Evany (gallegos) decepcionaron al electoral\u00bb, manifest\u00f3<\/p>\n<p style=\"text-align: justify;\">Ar\u00e9valo resalt\u00f3 que en base a su experiencia cree que re\u00fane todos los requisitos para convertirse en candidato de A\u00f1etete. \u00abYo Habl\u00e9 con el presidente Mario Abdo y \u00e9l me manifest\u00f3 que es importante contar con el acompa\u00f1amiento de la mayor cantidad de dirigentes de la capital\u00bb, acot\u00f3.<\/p>\n<p style=\"text-align: justify;\">Finalmente, expres\u00f3 que cree que en el mes de febrero ya se tendr\u00eda un panorama claro de que candidatura se potenciar\u00e1 con miras a las internas coloradas de julio del pr\u00f3ximo a\u00f1o.<\/p>\n","protected":false},"excerpt":{"rendered":"<p>Una encuesta dada a conocer en la v\u00edspera, ubica al senador Martin Ar\u00e9valo como candidato mejor posicionado para las pr\u00f3ximas elecciones municipales, en la capital del pa\u00eds. Se trata de&hellip; <\/p>\n","protected":false},"author":1,"featured_media":10534,"comment_status":"open","ping_status":"open","sticky":false,"template":"","format":"standard","meta":{"sfsi_plus_gutenberg_text_before_share":"","sfsi_plus_gutenberg_show_text_before_share":"","sfsi_plus_gutenberg_icon_type":"","sfsi_plus_gutenberg_icon_alignemt":"","sfsi_plus_gutenburg_max_per_row":"","footnotes":"","_jetpack_memberships_contains_paid_content":false,"jetpack_publicize_message":"","jetpack_publicize_feature_enabled":true,"jetpack_social_post_already_shared":false,"jetpack_social_options":{"image_generator_settings":{"template":"highway","enabled":false},"version":2}},"categories":[2],"tags":[],"jetpack_publicize_connections":[],"jetpack_sharing_enabled":true,"jetpack_featured_media_url":"https:\/\/agendaparaguay.com\/v2\/wp-content\/uploads\/2019\/07\/sen_martin_arevalo_sesion.jpeg","_links":{"self":[{"href":"https:\/\/agendaparaguay.com\/v2\/wp-json\/wp\/v2\/posts\/15815"}],"collection":[{"href":"https:\/\/agendaparaguay.com\/v2\/wp-json\/wp\/v2\/posts"}],"about":[{"href":"https:\/\/agendaparaguay.com\/v2\/wp-json\/wp\/v2\/types\/post"}],"author":[{"embeddable":true,"href":"https:\/\/agendaparaguay.com\/v2\/wp-json\/wp\/v2\/users\/1"}],"replies":[{"embeddable":true,"href":"https:\/\/agendaparaguay.com\/v2\/wp-json\/wp\/v2\/comments?post=15815"}],"version-history":[{"count":2,"href":"https:\/\/agendaparaguay.com\/v2\/wp-json\/wp\/v2\/posts\/15815\/revisions"}],"predecessor-version":[{"id":15817,"href":"https:\/\/agendaparaguay.com\/v2\/wp-json\/wp\/v2\/posts\/15815\/revisions\/15817"}],"wp:featuredmedia":[{"embeddable":true,"href":"https:\/\/agendaparaguay.com\/v2\/wp-json\/wp\/v2\/media\/10534"}],"wp:attachment":[{"href":"https:\/\/agendaparaguay.com\/v2\/wp-json\/wp\/v2\/media?parent=15815"}],"wp:term":[{"taxonomy":"category","embeddable":true,"href":"https:\/\/agendaparaguay.com\/v2\/wp-json\/wp\/v2\/categories?post=15815"},{"taxonomy":"post_tag","embeddable":true,"href":"https:\/\/agendaparaguay.com\/v2\/wp-json\/wp\/v2\/tags?post=15815"}],"curies":[{"name":"wp","href":"https:\/\/api.w.org\/{rel}","templated":true}]}}