{"id":16033,"date":"2019-12-17T08:30:53","date_gmt":"2019-12-17T11:30:53","guid":{"rendered":"http:\/\/agendaparaguay.com\/v2\/?p=16033"},"modified":"2019-12-17T08:15:36","modified_gmt":"2019-12-17T11:15:36","slug":"complicada-situacion-de-la-banca-de-ulises-quintana","status":"publish","type":"post","link":"https:\/\/agendaparaguay.com\/v2\/2019\/12\/17\/complicada-situacion-de-la-banca-de-ulises-quintana\/","title":{"rendered":"Complicada situaci\u00f3n de la banca de Ulises Quintana"},"content":{"rendered":"<p style=\"text-align: justify;\">En la fecha, con la sesi\u00f3n extraordinaria prevista para esta ma\u00f1ana, se cumple la tercera ausencia del Diputado Ulises Quintana quien se encuentra preso en la c\u00e1rcel militar de Vi\u00f1as Cu\u00e9.<!--more--><\/p>\n<p style=\"text-align: justify;\">Al cumplirse las tres sesiones y ante la imposibilidad que el parlamentario concurra a la c\u00e1mara para cumplir sus funciones de legislador, no se descarta que el pleno plantee su expulsi\u00f3n como legislador con lo que la banca que corresponde al Departamento del Alto Paran\u00e1 ser\u00eda ocupada oficialmente y hasta cerrar este periodo legislativo por su suplente, Roc\u00edo Abed de Zacar\u00edas.<\/p>\n<p style=\"text-align: justify;\">Cabe destacar que el Diputado Ulises Quintana est\u00e1 procesado por los delitos de asociaci\u00f3n criminal en tr\u00e1fico de drogas y lavado de dinero. En la v\u00edspera la jueza Alicia Pedrozo suspendi\u00f3 el pedido de revisi\u00f3n de medidas, que plante\u00f3 la defensa del legislador colorado.<\/p>\n","protected":false},"excerpt":{"rendered":"<p>En la fecha, con la sesi\u00f3n extraordinaria prevista para esta ma\u00f1ana, se cumple la tercera ausencia del Diputado Ulises Quintana quien se encuentra preso en la c\u00e1rcel militar de Vi\u00f1as&hellip; <\/p>\n","protected":false},"author":1,"featured_media":15569,"comment_status":"open","ping_status":"open","sticky":false,"template":"","format":"standard","meta":{"sfsi_plus_gutenberg_text_before_share":"","sfsi_plus_gutenberg_show_text_before_share":"","sfsi_plus_gutenberg_icon_type":"","sfsi_plus_gutenberg_icon_alignemt":"","sfsi_plus_gutenburg_max_per_row":"","footnotes":"","_jetpack_memberships_contains_paid_content":false,"jetpack_publicize_message":"","jetpack_publicize_feature_enabled":true,"jetpack_social_post_already_shared":false,"jetpack_social_options":{"image_generator_settings":{"template":"highway","enabled":false},"version":2}},"categories":[4],"tags":[],"jetpack_publicize_connections":[],"jetpack_sharing_enabled":true,"jetpack_featured_media_url":"https:\/\/agendaparaguay.com\/v2\/wp-content\/uploads\/2019\/12\/dip_rocio_abed.jpg","_links":{"self":[{"href":"https:\/\/agendaparaguay.com\/v2\/wp-json\/wp\/v2\/posts\/16033"}],"collection":[{"href":"https:\/\/agendaparaguay.com\/v2\/wp-json\/wp\/v2\/posts"}],"about":[{"href":"https:\/\/agendaparaguay.com\/v2\/wp-json\/wp\/v2\/types\/post"}],"author":[{"embeddable":true,"href":"https:\/\/agendaparaguay.com\/v2\/wp-json\/wp\/v2\/users\/1"}],"replies":[{"embeddable":true,"href":"https:\/\/agendaparaguay.com\/v2\/wp-json\/wp\/v2\/comments?post=16033"}],"version-history":[{"count":1,"href":"https:\/\/agendaparaguay.com\/v2\/wp-json\/wp\/v2\/posts\/16033\/revisions"}],"predecessor-version":[{"id":16034,"href":"https:\/\/agendaparaguay.com\/v2\/wp-json\/wp\/v2\/posts\/16033\/revisions\/16034"}],"wp:featuredmedia":[{"embeddable":true,"href":"https:\/\/agendaparaguay.com\/v2\/wp-json\/wp\/v2\/media\/15569"}],"wp:attachment":[{"href":"https:\/\/agendaparaguay.com\/v2\/wp-json\/wp\/v2\/media?parent=16033"}],"wp:term":[{"taxonomy":"category","embeddable":true,"href":"https:\/\/agendaparaguay.com\/v2\/wp-json\/wp\/v2\/categories?post=16033"},{"taxonomy":"post_tag","embeddable":true,"href":"https:\/\/agendaparaguay.com\/v2\/wp-json\/wp\/v2\/tags?post=16033"}],"curies":[{"name":"wp","href":"https:\/\/api.w.org\/{rel}","templated":true}]}}