{"id":16041,"date":"2019-12-17T10:10:46","date_gmt":"2019-12-17T13:10:46","guid":{"rendered":"http:\/\/agendaparaguay.com\/v2\/?p=16041"},"modified":"2019-12-17T10:07:40","modified_gmt":"2019-12-17T13:07:40","slug":"debate-libre-para-tratar-paquete-de-reforma-electoral-en-el-senado","status":"publish","type":"post","link":"https:\/\/agendaparaguay.com\/v2\/2019\/12\/17\/debate-libre-para-tratar-paquete-de-reforma-electoral-en-el-senado\/","title":{"rendered":"Debate libre para tratar paquete de reforma electoral en el Senado"},"content":{"rendered":"<p style=\"text-align: justify;\">Apenas se inici\u00f3 la sesi\u00f3n extraordinaria en el Senado para analizar el paquete de proyectos, diez en total, que hacen al paquete de Reforma Electoral, el senador Carlos Filizzola del frente Guas\u00fa solicit\u00f3 la postergaci\u00f3n del estudio para el mes de marzo.<!--more--><\/p>\n<p style=\"text-align: justify;\">El legislador explic\u00f3 que se requiere de mayor tiempo para analizar a profundidad los proyectos.<\/p>\n<p style=\"text-align: justify;\">sin embargo, el pleno decidi\u00f3 habilitar debate libre sobre los documentos y si se logra el consenso se buscar\u00e1 aprobar al menos algunas de las propuestas de normativa.<\/p>\n<p style=\"text-align: justify;\">La sesi\u00f3n se encuentra en pleno desarrollo.<\/p>\n","protected":false},"excerpt":{"rendered":"<p>Apenas se inici\u00f3 la sesi\u00f3n extraordinaria en el Senado para analizar el paquete de proyectos, diez en total, que hacen al paquete de Reforma Electoral, el senador Carlos Filizzola del&hellip; <\/p>\n","protected":false},"author":1,"featured_media":10285,"comment_status":"open","ping_status":"open","sticky":false,"template":"","format":"standard","meta":{"sfsi_plus_gutenberg_text_before_share":"","sfsi_plus_gutenberg_show_text_before_share":"","sfsi_plus_gutenberg_icon_type":"","sfsi_plus_gutenberg_icon_alignemt":"","sfsi_plus_gutenburg_max_per_row":"","footnotes":"","_jetpack_memberships_contains_paid_content":false,"jetpack_publicize_message":"","jetpack_publicize_feature_enabled":true,"jetpack_social_post_already_shared":false,"jetpack_social_options":{"image_generator_settings":{"template":"highway","enabled":false},"version":2}},"categories":[3],"tags":[],"jetpack_publicize_connections":[],"jetpack_sharing_enabled":true,"jetpack_featured_media_url":"https:\/\/agendaparaguay.com\/v2\/wp-content\/uploads\/2019\/07\/pleno_senado_2019_2020.png","_links":{"self":[{"href":"https:\/\/agendaparaguay.com\/v2\/wp-json\/wp\/v2\/posts\/16041"}],"collection":[{"href":"https:\/\/agendaparaguay.com\/v2\/wp-json\/wp\/v2\/posts"}],"about":[{"href":"https:\/\/agendaparaguay.com\/v2\/wp-json\/wp\/v2\/types\/post"}],"author":[{"embeddable":true,"href":"https:\/\/agendaparaguay.com\/v2\/wp-json\/wp\/v2\/users\/1"}],"replies":[{"embeddable":true,"href":"https:\/\/agendaparaguay.com\/v2\/wp-json\/wp\/v2\/comments?post=16041"}],"version-history":[{"count":1,"href":"https:\/\/agendaparaguay.com\/v2\/wp-json\/wp\/v2\/posts\/16041\/revisions"}],"predecessor-version":[{"id":16042,"href":"https:\/\/agendaparaguay.com\/v2\/wp-json\/wp\/v2\/posts\/16041\/revisions\/16042"}],"wp:featuredmedia":[{"embeddable":true,"href":"https:\/\/agendaparaguay.com\/v2\/wp-json\/wp\/v2\/media\/10285"}],"wp:attachment":[{"href":"https:\/\/agendaparaguay.com\/v2\/wp-json\/wp\/v2\/media?parent=16041"}],"wp:term":[{"taxonomy":"category","embeddable":true,"href":"https:\/\/agendaparaguay.com\/v2\/wp-json\/wp\/v2\/categories?post=16041"},{"taxonomy":"post_tag","embeddable":true,"href":"https:\/\/agendaparaguay.com\/v2\/wp-json\/wp\/v2\/tags?post=16041"}],"curies":[{"name":"wp","href":"https:\/\/api.w.org\/{rel}","templated":true}]}}