{"id":16652,"date":"2020-01-12T08:00:24","date_gmt":"2020-01-12T11:00:24","guid":{"rendered":"http:\/\/agendaparaguay.com\/v2\/?p=16652"},"modified":"2020-01-11T17:42:15","modified_gmt":"2020-01-11T20:42:15","slug":"velazquez-participara-de-acto-de-asuncion-de-nuevo-presidente-de-guatemala","status":"publish","type":"post","link":"https:\/\/agendaparaguay.com\/v2\/2020\/01\/12\/velazquez-participara-de-acto-de-asuncion-de-nuevo-presidente-de-guatemala\/","title":{"rendered":"Vel\u00e1zquez participar\u00e1 de acto de asunci\u00f3n de nuevo presidente de Guatemala"},"content":{"rendered":"<p style=\"text-align: justify;\">El Vicepresidente de la Rep\u00fablica Hugo Vel\u00e1zquez representar\u00e1 al mandatario Mario Abdo Ben\u00edtez durante el acto de asunci\u00f3n al mando del nuevo Presidente de Guatemala Alejandro Giammattei y el Vicepresidente Guillermo Castillo.<!--more--><\/p>\n<p style=\"text-align: justify;\">Ser\u00e1 el pr\u00f3ximo martes 14 de enero donde Jimmy Morales, presidente saliente har\u00e1 la entrega de su cuarto informe de gobierno, luego se tomar\u00e1 juramento a los diputados entrantes y se elegir\u00e1 a la nueva junta directiva del poder legislativo.<\/p>\n<p style=\"text-align: justify;\">Luego, se llamar\u00e1 a cuarto intermedio en la sesi\u00f3n para el traslado de los invitados especiales, representaciones diplom\u00e1ticas, jefes de estado y representantes de gobierno al Centro Cultural Miguel \u00c1ngel Asturias donde asumir\u00e1 el nuevo jefe de estado guatemalteco.<\/p>\n<p style=\"text-align: justify;\">De acuerdo a la agenda prevista para la fecha, se realizar\u00e1 la misa de Acci\u00f3n de Gracias &#8211; Te Deum &#8211; en la Catedral Metropolitana, y seguidamente el nuevo jefe de estado tomar\u00e1 juramento a los nuevos Ministros y para luego dar el saludo protocolar a todas las delegaciones invitadas al acto oficial.<\/p>\n<p style=\"text-align: justify;\">Vel\u00e1zquez, de esta forma representar\u00e1 al estado paraguayo en los actos oficiales a desarrollarse en Guatemala.<\/p>\n","protected":false},"excerpt":{"rendered":"<p>El Vicepresidente de la Rep\u00fablica Hugo Vel\u00e1zquez representar\u00e1 al mandatario Mario Abdo Ben\u00edtez durante el acto de asunci\u00f3n al mando del nuevo Presidente de Guatemala Alejandro Giammattei y el Vicepresidente&hellip; <\/p>\n","protected":false},"author":1,"featured_media":16653,"comment_status":"open","ping_status":"open","sticky":false,"template":"","format":"standard","meta":{"sfsi_plus_gutenberg_text_before_share":"","sfsi_plus_gutenberg_show_text_before_share":"","sfsi_plus_gutenberg_icon_type":"","sfsi_plus_gutenberg_icon_alignemt":"","sfsi_plus_gutenburg_max_per_row":"","footnotes":"","_jetpack_memberships_contains_paid_content":false,"jetpack_publicize_message":"","jetpack_publicize_feature_enabled":true,"jetpack_social_post_already_shared":false,"jetpack_social_options":{"image_generator_settings":{"template":"highway","enabled":false},"version":2}},"categories":[2],"tags":[],"jetpack_publicize_connections":[],"jetpack_sharing_enabled":true,"jetpack_featured_media_url":"https:\/\/agendaparaguay.com\/v2\/wp-content\/uploads\/2020\/01\/vice_pdte_hugo_velazquez_1.jpeg","_links":{"self":[{"href":"https:\/\/agendaparaguay.com\/v2\/wp-json\/wp\/v2\/posts\/16652"}],"collection":[{"href":"https:\/\/agendaparaguay.com\/v2\/wp-json\/wp\/v2\/posts"}],"about":[{"href":"https:\/\/agendaparaguay.com\/v2\/wp-json\/wp\/v2\/types\/post"}],"author":[{"embeddable":true,"href":"https:\/\/agendaparaguay.com\/v2\/wp-json\/wp\/v2\/users\/1"}],"replies":[{"embeddable":true,"href":"https:\/\/agendaparaguay.com\/v2\/wp-json\/wp\/v2\/comments?post=16652"}],"version-history":[{"count":1,"href":"https:\/\/agendaparaguay.com\/v2\/wp-json\/wp\/v2\/posts\/16652\/revisions"}],"predecessor-version":[{"id":16654,"href":"https:\/\/agendaparaguay.com\/v2\/wp-json\/wp\/v2\/posts\/16652\/revisions\/16654"}],"wp:featuredmedia":[{"embeddable":true,"href":"https:\/\/agendaparaguay.com\/v2\/wp-json\/wp\/v2\/media\/16653"}],"wp:attachment":[{"href":"https:\/\/agendaparaguay.com\/v2\/wp-json\/wp\/v2\/media?parent=16652"}],"wp:term":[{"taxonomy":"category","embeddable":true,"href":"https:\/\/agendaparaguay.com\/v2\/wp-json\/wp\/v2\/categories?post=16652"},{"taxonomy":"post_tag","embeddable":true,"href":"https:\/\/agendaparaguay.com\/v2\/wp-json\/wp\/v2\/tags?post=16652"}],"curies":[{"name":"wp","href":"https:\/\/api.w.org\/{rel}","templated":true}]}}