{"id":16793,"date":"2020-01-16T16:30:12","date_gmt":"2020-01-16T19:30:12","guid":{"rendered":"http:\/\/agendaparaguay.com\/v2\/?p=16793"},"modified":"2020-01-16T11:40:35","modified_gmt":"2020-01-16T14:40:35","slug":"frente-guasu-acusa-al-gobierno-de-mantener-actitud-entreguista-sobre-itaipu","status":"publish","type":"post","link":"https:\/\/agendaparaguay.com\/v2\/2020\/01\/16\/frente-guasu-acusa-al-gobierno-de-mantener-actitud-entreguista-sobre-itaipu\/","title":{"rendered":"Frente Guas\u00fa acusa al gobierno de mantener actitud entreguista sobre Itaip\u00fa"},"content":{"rendered":"<p style=\"text-align: justify;\">Luego de que fuera nombrado el Ing. H\u00e9ctor Richer como integrante de la Comisi\u00f3n negociadora del Tratado de Itaip\u00fa en representaci\u00f3n del Gabinete Civil de la Presidencia de la Rep\u00fablica, la bancada del Frente Guas\u00fa en la C\u00e1mara de Senadores sostiene que \u00abya en su tiempo fue consejero de mencionado ente binacional, en la \u00e9poca en la que se aprob\u00f3 la deuda espuria de este ente binacional\u00bb.<!--more--><\/p>\n<p style=\"text-align: justify;\">Acusan igualmente que Richer, de haber sido uno de los principales t\u00e9cnicos que defendi\u00f3 los t\u00e9rminos del acta secreta firmada entre los gobiernos de Mario Abdo Ben\u00edtez y Jair Bolsonaro, que pretend\u00eda concretar la entrega de nuestra soberan\u00eda energ\u00e9tica, y que ante la presi\u00f3n ciudadana, fue posteriormente anulada.<\/p>\n<p style=\"text-align: justify;\">El bloque sostiene que con esta reciente acci\u00f3n el gobierno, queda al descubierto la actitud entreguista del gobierno.<\/p>\n<p style=\"text-align: justify;\">\u00abDesde el Frente Guas\u00fa hacemos p\u00fablico nuestro rechazo a dicho nombramiento, y sumamos nuestra voz de denuncia ante toda la sociedad paraguaya sobre la conducta irresponsable del Presidente Mario Abdo Ben\u00edtez, que en este momento da muestras de una total falta de credibilidad para liderar un proceso de negociaci\u00f3n que garantice el respeto de los derechos soberanos de nuestro pa\u00eds sobre Itaip\u00fa\u00bb, afirma un comunicado difundido por el sector.<\/p>\n<p style=\"text-align: justify;\">En este contexto, desde el Frente Guas\u00fa hicieron un llamado a todas la \u00abfuerzas pol\u00edticas, a las organizaciones sociales y a la ciudadan\u00eda en general, a la conformaci\u00f3n de un gran frente nacional por la defensa de la soberan\u00eda hidroel\u00e9ctrica\u00bb.<\/p>\n<p style=\"text-align: justify;\">Advirtieron finalmente al gobierno que la ciudadan\u00eda presta a \u00abimpedir que se consumen nuevos actos de traici\u00f3n a la patria, y que hoy m\u00e1s que nunca, la defensa de la soberan\u00eda energ\u00e9tica es una causa nacional\u00bb.<\/p>\n","protected":false},"excerpt":{"rendered":"<p>Luego de que fuera nombrado el Ing. H\u00e9ctor Richer como integrante de la Comisi\u00f3n negociadora del Tratado de Itaip\u00fa en representaci\u00f3n del Gabinete Civil de la Presidencia de la Rep\u00fablica,&hellip; <\/p>\n","protected":false},"author":1,"featured_media":16794,"comment_status":"open","ping_status":"open","sticky":false,"template":"","format":"standard","meta":{"sfsi_plus_gutenberg_text_before_share":"","sfsi_plus_gutenberg_show_text_before_share":"","sfsi_plus_gutenberg_icon_type":"","sfsi_plus_gutenberg_icon_alignemt":"","sfsi_plus_gutenburg_max_per_row":"","footnotes":"","_jetpack_memberships_contains_paid_content":false,"jetpack_publicize_message":"","jetpack_publicize_feature_enabled":true,"jetpack_social_post_already_shared":false,"jetpack_social_options":{"image_generator_settings":{"template":"highway","enabled":false},"version":2}},"categories":[2],"tags":[],"jetpack_publicize_connections":[],"jetpack_sharing_enabled":true,"jetpack_featured_media_url":"https:\/\/agendaparaguay.com\/v2\/wp-content\/uploads\/2020\/01\/frente_guasu.jpg","_links":{"self":[{"href":"https:\/\/agendaparaguay.com\/v2\/wp-json\/wp\/v2\/posts\/16793"}],"collection":[{"href":"https:\/\/agendaparaguay.com\/v2\/wp-json\/wp\/v2\/posts"}],"about":[{"href":"https:\/\/agendaparaguay.com\/v2\/wp-json\/wp\/v2\/types\/post"}],"author":[{"embeddable":true,"href":"https:\/\/agendaparaguay.com\/v2\/wp-json\/wp\/v2\/users\/1"}],"replies":[{"embeddable":true,"href":"https:\/\/agendaparaguay.com\/v2\/wp-json\/wp\/v2\/comments?post=16793"}],"version-history":[{"count":1,"href":"https:\/\/agendaparaguay.com\/v2\/wp-json\/wp\/v2\/posts\/16793\/revisions"}],"predecessor-version":[{"id":16795,"href":"https:\/\/agendaparaguay.com\/v2\/wp-json\/wp\/v2\/posts\/16793\/revisions\/16795"}],"wp:featuredmedia":[{"embeddable":true,"href":"https:\/\/agendaparaguay.com\/v2\/wp-json\/wp\/v2\/media\/16794"}],"wp:attachment":[{"href":"https:\/\/agendaparaguay.com\/v2\/wp-json\/wp\/v2\/media?parent=16793"}],"wp:term":[{"taxonomy":"category","embeddable":true,"href":"https:\/\/agendaparaguay.com\/v2\/wp-json\/wp\/v2\/categories?post=16793"},{"taxonomy":"post_tag","embeddable":true,"href":"https:\/\/agendaparaguay.com\/v2\/wp-json\/wp\/v2\/tags?post=16793"}],"curies":[{"name":"wp","href":"https:\/\/api.w.org\/{rel}","templated":true}]}}