{"id":16824,"date":"2020-01-17T07:10:20","date_gmt":"2020-01-17T10:10:20","guid":{"rendered":"http:\/\/agendaparaguay.com\/v2\/?p=16824"},"modified":"2020-01-17T07:02:27","modified_gmt":"2020-01-17T10:02:27","slug":"inicio-de-defensa-costera-de-pilar-se-concreta-hoy-con-firma-de-contrato","status":"publish","type":"post","link":"https:\/\/agendaparaguay.com\/v2\/2020\/01\/17\/inicio-de-defensa-costera-de-pilar-se-concreta-hoy-con-firma-de-contrato\/","title":{"rendered":"Inicio de Defensa Costera de Pilar se concreta hoy con firma de contrato"},"content":{"rendered":"<p style=\"text-align: justify;\">El presidente de la Rep\u00fablica, Mario Abdo Ben\u00edtez, oficializar\u00e1 este viernes 17 de enero la firma de contrato para la primera fase de construcci\u00f3n de la ampliaci\u00f3n de la Defensa Costera de Pilar. Ser\u00e1 en el marco de una jornada de Gobierno que cumplir\u00e1 en la capital del departamento de \u00d1eembuc\u00fa. El acto ser\u00e1 a las 08:00 horas, en la Plaza de los H\u00e9roes de la ciudad de Pilar.<!--more--><\/p>\n<p style=\"text-align: justify;\">Posteriormente, a las 09:30 horas el mandatario inaugurar\u00e1 la readecuaci\u00f3n de infraestructura para la Unidad de Mamograf\u00eda en el Hospital Regional de Pilar, impulsada por el Gobierno Nacional a trav\u00e9s de la Itaip\u00fa Binacional.<\/p>\n<p style=\"text-align: justify;\">Asimismo, a las 10:00 horas, participar\u00e1 del acto de entrega de aportes del Gobierno Nacional, a trav\u00e9s del Ministerio de Agricultura y Ganader\u00eda y la Entidad Binacional Yacyret\u00e1, al departamento de \u00d1eembuc\u00fa. Ser\u00e1 en la sede de la Municipalidad de Pilar.<\/p>\n","protected":false},"excerpt":{"rendered":"<p>El presidente de la Rep\u00fablica, Mario Abdo Ben\u00edtez, oficializar\u00e1 este viernes 17 de enero la firma de contrato para la primera fase de construcci\u00f3n de la ampliaci\u00f3n de la Defensa&hellip; <\/p>\n","protected":false},"author":1,"featured_media":13214,"comment_status":"open","ping_status":"open","sticky":false,"template":"","format":"standard","meta":{"sfsi_plus_gutenberg_text_before_share":"","sfsi_plus_gutenberg_show_text_before_share":"","sfsi_plus_gutenberg_icon_type":"","sfsi_plus_gutenberg_icon_alignemt":"","sfsi_plus_gutenburg_max_per_row":"","footnotes":"","_jetpack_memberships_contains_paid_content":false,"jetpack_publicize_message":"","jetpack_publicize_feature_enabled":true,"jetpack_social_post_already_shared":false,"jetpack_social_options":{"image_generator_settings":{"template":"highway","enabled":false},"version":2}},"categories":[2],"tags":[],"jetpack_publicize_connections":[],"jetpack_sharing_enabled":true,"jetpack_featured_media_url":"https:\/\/agendaparaguay.com\/v2\/wp-content\/uploads\/2019\/09\/marito_alliana_pilar.jpg","_links":{"self":[{"href":"https:\/\/agendaparaguay.com\/v2\/wp-json\/wp\/v2\/posts\/16824"}],"collection":[{"href":"https:\/\/agendaparaguay.com\/v2\/wp-json\/wp\/v2\/posts"}],"about":[{"href":"https:\/\/agendaparaguay.com\/v2\/wp-json\/wp\/v2\/types\/post"}],"author":[{"embeddable":true,"href":"https:\/\/agendaparaguay.com\/v2\/wp-json\/wp\/v2\/users\/1"}],"replies":[{"embeddable":true,"href":"https:\/\/agendaparaguay.com\/v2\/wp-json\/wp\/v2\/comments?post=16824"}],"version-history":[{"count":1,"href":"https:\/\/agendaparaguay.com\/v2\/wp-json\/wp\/v2\/posts\/16824\/revisions"}],"predecessor-version":[{"id":16825,"href":"https:\/\/agendaparaguay.com\/v2\/wp-json\/wp\/v2\/posts\/16824\/revisions\/16825"}],"wp:featuredmedia":[{"embeddable":true,"href":"https:\/\/agendaparaguay.com\/v2\/wp-json\/wp\/v2\/media\/13214"}],"wp:attachment":[{"href":"https:\/\/agendaparaguay.com\/v2\/wp-json\/wp\/v2\/media?parent=16824"}],"wp:term":[{"taxonomy":"category","embeddable":true,"href":"https:\/\/agendaparaguay.com\/v2\/wp-json\/wp\/v2\/categories?post=16824"},{"taxonomy":"post_tag","embeddable":true,"href":"https:\/\/agendaparaguay.com\/v2\/wp-json\/wp\/v2\/tags?post=16824"}],"curies":[{"name":"wp","href":"https:\/\/api.w.org\/{rel}","templated":true}]}}