{"id":16965,"date":"2020-01-21T14:30:39","date_gmt":"2020-01-21T17:30:39","guid":{"rendered":"http:\/\/agendaparaguay.com\/v2\/?p=16965"},"modified":"2020-01-21T14:04:56","modified_gmt":"2020-01-21T17:04:56","slug":"por-posible-dengue-presidente-abdo-permanecera-en-reposo-los-proximos-dias","status":"publish","type":"post","link":"https:\/\/agendaparaguay.com\/v2\/2020\/01\/21\/por-posible-dengue-presidente-abdo-permanecera-en-reposo-los-proximos-dias\/","title":{"rendered":"Por posible dengue, presidente Abdo permanecer\u00e1 en reposo los pr\u00f3ximos d\u00edas"},"content":{"rendered":"<p style=\"text-align: justify;\">La informaci\u00f3n fue confirmada por el ministro de Salud P\u00fablica, Julio Mazzoleni, en conferencia de prensa.<!--more--><\/p>\n<p style=\"text-align: justify;\">El secretario de estado aclar\u00f3 que el mandatario guardar\u00e1 reposo en las pr\u00f3ximas horas, tras presentar un malestar general caracterizado por fiebre y dolor de cabeza durante la jornada de Gobierno que desarrollaba esta ma\u00f1ana en Alto Paran\u00e1 y que lo oblig\u00f3 a retornar a la capital.<\/p>\n<p style=\"text-align: justify;\">\u201cPor el momento el cuadro es relativamente inespec\u00edfico, est\u00e1 dominado principalmente por un dolor de cabeza, hay una sensaci\u00f3n febril que hemos comprobado, es decir est\u00e1 con fiebre en estos momentos y una sensaci\u00f3n de malestar general\u201d, detall\u00f3 Mazzoleni en conferencia de prensa en la residencia presidencial Mburuvicha R\u00f3ga.<\/p>\n<p style=\"text-align: justify;\">Mazzoleni inform\u00f3 que el retorno de Abdo Ben\u00edtez a Asunci\u00f3n cuando ten\u00eda a\u00fan actividades previstas en el este del pa\u00eds fue por precauciones necesarias para evaluarlo de manera integral. A estas horas se encuentra reposando en Mburuvicha R\u00f3ga y este reposo se extender\u00eda por las pr\u00f3ximas 48 a 72 horas, dependiendo de su estado de salud, dijo el ministro.<\/p>\n<p style=\"text-align: justify;\">El secretario de Estado se\u00f1al\u00f3 que si bien el mandatario presenta s\u00edntomas inespec\u00edficos se le tomaron pruebas labotoriales para determinar un diagn\u00f3stico y posteriormente convocar a los profesionales que hagan falta para monitorear su evoluci\u00f3n. No se descarta que pueda tratarse de un cuadro de dengue.<\/p>\n<p style=\"text-align: justify;\">\u201cEn el \u00e1mbito de una epidemia de dengue sin duda es una consideraci\u00f3n pero no hay que perder de vista otras posibilidades. El cuadro cl\u00ednico en estos momentos est\u00e1 inici\u00e1ndose, todav\u00eda no se han sumado otros s\u00edntomas, sin dudas es una de las posibilidades que hay que descartar\u201d, explic\u00f3 Mazzoleni al tiempo de resaltar que el presidente es un hombre muy sano, que no consume ning\u00fan tipo de medicamentos.<\/p>\n<p>Requerido sobre un posible cuadro de estr\u00e9s, afirm\u00f3 que el jefe de Estado est\u00e1 acostumbrado a traj\u00edn diario, que lo administra muy bien. \u201cEn ning\u00fan momento \u00e9l perdi\u00f3 el conocimiento, pero s\u00ed una sensaci\u00f3n de malestar general y como se hizo relativamente persistente decidimos por precauci\u00f3n volver a la Capital\u201d, reiter\u00f3. Fuente: Ip<\/p>\n","protected":false},"excerpt":{"rendered":"<p>La informaci\u00f3n fue confirmada por el ministro de Salud P\u00fablica, Julio Mazzoleni, en conferencia de prensa.<\/p>\n","protected":false},"author":1,"featured_media":13420,"comment_status":"open","ping_status":"open","sticky":false,"template":"","format":"standard","meta":{"sfsi_plus_gutenberg_text_before_share":"","sfsi_plus_gutenberg_show_text_before_share":"","sfsi_plus_gutenberg_icon_type":"","sfsi_plus_gutenberg_icon_alignemt":"","sfsi_plus_gutenburg_max_per_row":"","footnotes":"","_jetpack_memberships_contains_paid_content":false,"jetpack_publicize_message":"","jetpack_publicize_feature_enabled":true,"jetpack_social_post_already_shared":false,"jetpack_social_options":{"image_generator_settings":{"template":"highway","enabled":false},"version":2}},"categories":[1],"tags":[],"jetpack_publicize_connections":[],"jetpack_sharing_enabled":true,"jetpack_featured_media_url":"https:\/\/agendaparaguay.com\/v2\/wp-content\/uploads\/2019\/10\/sen_joaquin_roa_marito_incendio.jpg","_links":{"self":[{"href":"https:\/\/agendaparaguay.com\/v2\/wp-json\/wp\/v2\/posts\/16965"}],"collection":[{"href":"https:\/\/agendaparaguay.com\/v2\/wp-json\/wp\/v2\/posts"}],"about":[{"href":"https:\/\/agendaparaguay.com\/v2\/wp-json\/wp\/v2\/types\/post"}],"author":[{"embeddable":true,"href":"https:\/\/agendaparaguay.com\/v2\/wp-json\/wp\/v2\/users\/1"}],"replies":[{"embeddable":true,"href":"https:\/\/agendaparaguay.com\/v2\/wp-json\/wp\/v2\/comments?post=16965"}],"version-history":[{"count":1,"href":"https:\/\/agendaparaguay.com\/v2\/wp-json\/wp\/v2\/posts\/16965\/revisions"}],"predecessor-version":[{"id":16966,"href":"https:\/\/agendaparaguay.com\/v2\/wp-json\/wp\/v2\/posts\/16965\/revisions\/16966"}],"wp:featuredmedia":[{"embeddable":true,"href":"https:\/\/agendaparaguay.com\/v2\/wp-json\/wp\/v2\/media\/13420"}],"wp:attachment":[{"href":"https:\/\/agendaparaguay.com\/v2\/wp-json\/wp\/v2\/media?parent=16965"}],"wp:term":[{"taxonomy":"category","embeddable":true,"href":"https:\/\/agendaparaguay.com\/v2\/wp-json\/wp\/v2\/categories?post=16965"},{"taxonomy":"post_tag","embeddable":true,"href":"https:\/\/agendaparaguay.com\/v2\/wp-json\/wp\/v2\/tags?post=16965"}],"curies":[{"name":"wp","href":"https:\/\/api.w.org\/{rel}","templated":true}]}}