{"id":16984,"date":"2020-01-22T09:20:27","date_gmt":"2020-01-22T12:20:27","guid":{"rendered":"http:\/\/agendaparaguay.com\/v2\/?p=16984"},"modified":"2020-01-22T07:12:11","modified_gmt":"2020-01-22T10:12:11","slug":"tsje-integra-equipo-de-trabajo-para-analizar-ley-de-financiamiento-politico","status":"publish","type":"post","link":"https:\/\/agendaparaguay.com\/v2\/2020\/01\/22\/tsje-integra-equipo-de-trabajo-para-analizar-ley-de-financiamiento-politico\/","title":{"rendered":"TSJE integra equipo de trabajo para analizar ley de Financiamiento Pol\u00edtico"},"content":{"rendered":"<p style=\"text-align: justify;\">El Coordinador de la Unidad de Financiamiento Pol\u00edtico, Abg. C\u00e9sar Rossel y el equipo de t\u00e9cnicos que conforman dicha unidad, participaron de la reuni\u00f3n convocada en la Congreso para analizar aspectos referentes a la Ley 4743 de Financiamiento pol\u00edtico y su modificaci\u00f3n a trav\u00e9s de un proyecto de ley que establece la trazabilidad de los fondos utilizados en las campa\u00f1as pol\u00edticas.<!--more--><\/p>\n<p style=\"text-align: justify;\">Cabe destacar que esta mesa de trabajo esta conformada adem\u00e1s por el Ministro de la Secretar\u00eda de Prevenci\u00f3n de Lavado de Dinero (SEPRELAD), Carlos Arregui, en representaci\u00f3n de la C\u00e1mara de Diputados, Rocio Vallejos y Jorge Avalos Mari\u00f1o, as\u00ed tambi\u00e9n, el Senador Fernando Silva Facetti.<\/p>\n<p style=\"text-align: justify;\">En la ocasi\u00f3n, el Abg. Rossel ratific\u00f3 la posici\u00f3n de la instituci\u00f3n electoral de trabajar y acompa\u00f1ar la implementaci\u00f3n de las mejoras al sistema de control actual, donde se puedan sumar adem\u00e1s, otros actores de la sociedad para colaborar con la aplicaci\u00f3n de las disposiciones legales para el control y uso del dinero en las campa\u00f1as pol\u00edticas.<\/p>\n","protected":false},"excerpt":{"rendered":"<p>El Coordinador de la Unidad de Financiamiento Pol\u00edtico, Abg. C\u00e9sar Rossel y el equipo de t\u00e9cnicos que conforman dicha unidad, participaron de la reuni\u00f3n convocada en la Congreso para analizar&hellip; <\/p>\n","protected":false},"author":1,"featured_media":16968,"comment_status":"open","ping_status":"open","sticky":false,"template":"","format":"standard","meta":{"sfsi_plus_gutenberg_text_before_share":"","sfsi_plus_gutenberg_show_text_before_share":"","sfsi_plus_gutenberg_icon_type":"","sfsi_plus_gutenberg_icon_alignemt":"","sfsi_plus_gutenburg_max_per_row":"","footnotes":"","_jetpack_memberships_contains_paid_content":false,"jetpack_publicize_message":"","jetpack_publicize_feature_enabled":true,"jetpack_social_post_already_shared":false,"jetpack_social_options":{"image_generator_settings":{"template":"highway","enabled":false},"version":2}},"categories":[2],"tags":[],"jetpack_publicize_connections":[],"jetpack_sharing_enabled":true,"jetpack_featured_media_url":"https:\/\/agendaparaguay.com\/v2\/wp-content\/uploads\/2020\/01\/silva_facetti_rocio_vallejo.jpeg","_links":{"self":[{"href":"https:\/\/agendaparaguay.com\/v2\/wp-json\/wp\/v2\/posts\/16984"}],"collection":[{"href":"https:\/\/agendaparaguay.com\/v2\/wp-json\/wp\/v2\/posts"}],"about":[{"href":"https:\/\/agendaparaguay.com\/v2\/wp-json\/wp\/v2\/types\/post"}],"author":[{"embeddable":true,"href":"https:\/\/agendaparaguay.com\/v2\/wp-json\/wp\/v2\/users\/1"}],"replies":[{"embeddable":true,"href":"https:\/\/agendaparaguay.com\/v2\/wp-json\/wp\/v2\/comments?post=16984"}],"version-history":[{"count":1,"href":"https:\/\/agendaparaguay.com\/v2\/wp-json\/wp\/v2\/posts\/16984\/revisions"}],"predecessor-version":[{"id":16985,"href":"https:\/\/agendaparaguay.com\/v2\/wp-json\/wp\/v2\/posts\/16984\/revisions\/16985"}],"wp:featuredmedia":[{"embeddable":true,"href":"https:\/\/agendaparaguay.com\/v2\/wp-json\/wp\/v2\/media\/16968"}],"wp:attachment":[{"href":"https:\/\/agendaparaguay.com\/v2\/wp-json\/wp\/v2\/media?parent=16984"}],"wp:term":[{"taxonomy":"category","embeddable":true,"href":"https:\/\/agendaparaguay.com\/v2\/wp-json\/wp\/v2\/categories?post=16984"},{"taxonomy":"post_tag","embeddable":true,"href":"https:\/\/agendaparaguay.com\/v2\/wp-json\/wp\/v2\/tags?post=16984"}],"curies":[{"name":"wp","href":"https:\/\/api.w.org\/{rel}","templated":true}]}}