{"id":17127,"date":"2020-01-27T13:00:52","date_gmt":"2020-01-27T16:00:52","guid":{"rendered":"http:\/\/agendaparaguay.com\/v2\/?p=17127"},"modified":"2020-01-27T11:40:37","modified_gmt":"2020-01-27T14:40:37","slug":"el-ultimo-recapturado-es-un-narco-importante-miembro-del-pcc","status":"publish","type":"post","link":"https:\/\/agendaparaguay.com\/v2\/2020\/01\/27\/el-ultimo-recapturado-es-un-narco-importante-miembro-del-pcc\/","title":{"rendered":"El \u00faltimo recapturado es un narco importante, miembro del PCC"},"content":{"rendered":"<p style=\"text-align: justify;\">Investigadores de la Polic\u00eda Nacional resaltaron la importancia del narcotraficante recapturado en Pedro Juan Caballero, luego de la gran fuga local, operativa que se registr\u00f3 durante el fin de semana. En total, suman once recapturados hasta ahora.<!--more--><\/p>\n<p style=\"text-align: justify;\">El \u00faltimo detenido es el narco Mauro Vieira (26), presunto integrante del grupo criminal paulista Primer Comando de la Capital (PCC), con proceso penal en nuestro pa\u00eds y en el vecino pa\u00eds.<\/p>\n<p style=\"text-align: justify;\">El Crio. Gral. Fabio Sanabria, quien est\u00e1 al frente de varios de los operativos, indic\u00f3 que Vieira fue sorprendido cuando tomaba ba\u00f1o en un riacho, en zona rural de la capital del Amambay.<\/p>\n<p style=\"text-align: justify;\">\u201cEs un narco considerado en Brasil como peligroso, miembro del PCC. Estaba oculto aguardando seguramente la noche para poder avanzar hacia el lado brasile\u00f1o\u201d, se\u00f1al\u00f3.<\/p>\n<p style=\"text-align: justify;\">Hubo otro procedimiento el s\u00e1bado, con la detenci\u00f3n de Francisco Javier Peralta Esquivel (26), alias \u201cMascherano\u201d, en el marco de la intensificaci\u00f3n de los procedimientos policiales.<\/p>\n<p style=\"text-align: justify;\">\u201cEste recapturado se present\u00f3 bien vestido en un inquilinato y dijo que hab\u00eda peleado con familiares, y que pretend\u00eda quedar solo unos d\u00edas. Se dispon\u00eda a tomar cerveza cuando lo sorprendimos\u00bb, se\u00f1al\u00f3 el Crio. Gral. Fabio Sanabria.<\/p>\n<p style=\"text-align: justify;\">En total, son once recapturados: Ronald Francisco Br\u00edtez L\u00f3pez de 20 a\u00f1os, Eduardo Alves da Cunha (31) detenido en Ponta Por\u00e1; Jos\u00e9 Enrique Ull\u00f3n Duarte (27), Orlando Manuel Torres Vera (22), S\u00e1bio Dar\u00edo Gonz\u00e1lez Figueredo (25), Cristhian Javier Vera (25), Derlis Marquez Gonz\u00e1lez (21), Del Rosario G\u00f3mez Armoa (43); Charli Antonio Gimenez Mart\u00ednez; Francisco Javier Peralta Esquivel (26) y Mauro Vieira (26).<\/p>\n","protected":false},"excerpt":{"rendered":"<p>Investigadores de la Polic\u00eda Nacional resaltaron la importancia del narcotraficante recapturado en Pedro Juan Caballero, luego de la gran fuga local, operativa que se registr\u00f3 durante el fin de semana.&hellip; <\/p>\n","protected":false},"author":1,"featured_media":17128,"comment_status":"open","ping_status":"open","sticky":false,"template":"","format":"standard","meta":{"sfsi_plus_gutenberg_text_before_share":"","sfsi_plus_gutenberg_show_text_before_share":"","sfsi_plus_gutenberg_icon_type":"","sfsi_plus_gutenberg_icon_alignemt":"","sfsi_plus_gutenburg_max_per_row":"","footnotes":"","_jetpack_memberships_contains_paid_content":false,"jetpack_publicize_message":"","jetpack_publicize_feature_enabled":true,"jetpack_social_post_already_shared":false,"jetpack_social_options":{"image_generator_settings":{"template":"highway","enabled":false},"version":2}},"categories":[5],"tags":[],"jetpack_publicize_connections":[],"jetpack_sharing_enabled":true,"jetpack_featured_media_url":"https:\/\/agendaparaguay.com\/v2\/wp-content\/uploads\/2020\/01\/fuga_recapturado_pjc.jpg","_links":{"self":[{"href":"https:\/\/agendaparaguay.com\/v2\/wp-json\/wp\/v2\/posts\/17127"}],"collection":[{"href":"https:\/\/agendaparaguay.com\/v2\/wp-json\/wp\/v2\/posts"}],"about":[{"href":"https:\/\/agendaparaguay.com\/v2\/wp-json\/wp\/v2\/types\/post"}],"author":[{"embeddable":true,"href":"https:\/\/agendaparaguay.com\/v2\/wp-json\/wp\/v2\/users\/1"}],"replies":[{"embeddable":true,"href":"https:\/\/agendaparaguay.com\/v2\/wp-json\/wp\/v2\/comments?post=17127"}],"version-history":[{"count":4,"href":"https:\/\/agendaparaguay.com\/v2\/wp-json\/wp\/v2\/posts\/17127\/revisions"}],"predecessor-version":[{"id":17137,"href":"https:\/\/agendaparaguay.com\/v2\/wp-json\/wp\/v2\/posts\/17127\/revisions\/17137"}],"wp:featuredmedia":[{"embeddable":true,"href":"https:\/\/agendaparaguay.com\/v2\/wp-json\/wp\/v2\/media\/17128"}],"wp:attachment":[{"href":"https:\/\/agendaparaguay.com\/v2\/wp-json\/wp\/v2\/media?parent=17127"}],"wp:term":[{"taxonomy":"category","embeddable":true,"href":"https:\/\/agendaparaguay.com\/v2\/wp-json\/wp\/v2\/categories?post=17127"},{"taxonomy":"post_tag","embeddable":true,"href":"https:\/\/agendaparaguay.com\/v2\/wp-json\/wp\/v2\/tags?post=17127"}],"curies":[{"name":"wp","href":"https:\/\/api.w.org\/{rel}","templated":true}]}}