{"id":17157,"date":"2020-01-28T08:30:01","date_gmt":"2020-01-28T11:30:01","guid":{"rendered":"http:\/\/agendaparaguay.com\/v2\/?p=17157"},"modified":"2020-01-28T07:19:15","modified_gmt":"2020-01-28T10:19:15","slug":"estado-de-excepcion-para-amambay-sera-tratado-hoy-por-la-comision-permanente","status":"publish","type":"post","link":"https:\/\/agendaparaguay.com\/v2\/2020\/01\/28\/estado-de-excepcion-para-amambay-sera-tratado-hoy-por-la-comision-permanente\/","title":{"rendered":"Estado de excepci\u00f3n para Amambay ser\u00e1 tratado hoy por la Comisi\u00f3n Permanente."},"content":{"rendered":"<p style=\"text-align: justify;\">Tras la fuga de 76 internos de la Penitenciar\u00eda Regional de Pedro Juan Caballero, se present\u00f3 en el Senado el proyecto de ley que declara el estado de excepci\u00f3n en el Departamento de Amambay.<!--more--><\/p>\n<p style=\"text-align: justify;\">La iniciativa legislativa tiene como proyectistas a los senadores Blas Llano, Fernando Silva Facetti y Abel Gonz\u00e1lez, y ser\u00e1 el tema principal de la sesi\u00f3n ordinaria de la Comisi\u00f3n Permanente del Congreso Nacional, prevista para este martes 28, a partir de las 09 horas.<\/p>\n<p style=\"text-align: justify;\">Varios legisladores se refirieron al tema en los \u00faltimos d\u00edas, y algunos estuvieron a favor y otros en contra. El ministro del Interior, Euclides Acevedo dijo en la v\u00edspera que no estaban dadas las condiciones para la aprobaci\u00f3n del documento.<\/p>\n<p style=\"text-align: justify;\">\u00abNo hay convulsi\u00f3n social y la polic\u00eda est\u00e1 rebasada\u00bb, relat\u00f3 Acevedo al ser consultado al respecto.<\/p>\n<p style=\"text-align: justify;\">Por su parte, el senador Llano, titular de la C\u00e1mara Alta, hab\u00eda sugerido durante la presentaci\u00f3n del citado documento, que todas las autoridades que ejercen funciones en la referida zona, pertenecientes a la Polic\u00eda Nacional, Fiscal\u00eda, Poder Judicial y Secretar\u00eda Nacional, sean cambiadas.<\/p>\n<p>Otros puntos ser\u00e1n tratados hoy.<\/p>\n<p>En la fecha, figuran adem\u00e1s en el orden del d\u00eda varios proyectos de resoluci\u00f3n de pedidos de informes, que est\u00e1n dirigidos al Poder Ejecutivo, Ministerio del Trabajo, Empleo y Seguridad Social-Servicio Nacional de Promoci\u00f3n Profesional (SPP); al Ministerio de Hacienda, Servicio Nacional de Catastro sobre situaci\u00f3n de un expediente; al Poder Ejecutivo, Presidencia de la Rep\u00fablica sobre la presencia de la Fuerza Extranjera denominada Oficina Federal de Investigaci\u00f3n (FBI, por sus siglas en ingl\u00e9s) entre otros.<\/p>\n","protected":false},"excerpt":{"rendered":"<p>Tras la fuga de 76 internos de la Penitenciar\u00eda Regional de Pedro Juan Caballero, se present\u00f3 en el Senado el proyecto de ley que declara el estado de excepci\u00f3n en&hellip; <\/p>\n","protected":false},"author":1,"featured_media":4918,"comment_status":"open","ping_status":"open","sticky":false,"template":"","format":"standard","meta":{"sfsi_plus_gutenberg_text_before_share":"","sfsi_plus_gutenberg_show_text_before_share":"","sfsi_plus_gutenberg_icon_type":"","sfsi_plus_gutenberg_icon_alignemt":"","sfsi_plus_gutenburg_max_per_row":"","footnotes":"","_jetpack_memberships_contains_paid_content":false,"jetpack_publicize_message":"","jetpack_publicize_feature_enabled":true,"jetpack_social_post_already_shared":false,"jetpack_social_options":{"image_generator_settings":{"template":"highway","enabled":false},"version":2}},"categories":[2],"tags":[],"jetpack_publicize_connections":[],"jetpack_sharing_enabled":true,"jetpack_featured_media_url":"https:\/\/agendaparaguay.com\/v2\/wp-content\/uploads\/2019\/02\/comision_permanente_2019-1.jpeg","_links":{"self":[{"href":"https:\/\/agendaparaguay.com\/v2\/wp-json\/wp\/v2\/posts\/17157"}],"collection":[{"href":"https:\/\/agendaparaguay.com\/v2\/wp-json\/wp\/v2\/posts"}],"about":[{"href":"https:\/\/agendaparaguay.com\/v2\/wp-json\/wp\/v2\/types\/post"}],"author":[{"embeddable":true,"href":"https:\/\/agendaparaguay.com\/v2\/wp-json\/wp\/v2\/users\/1"}],"replies":[{"embeddable":true,"href":"https:\/\/agendaparaguay.com\/v2\/wp-json\/wp\/v2\/comments?post=17157"}],"version-history":[{"count":2,"href":"https:\/\/agendaparaguay.com\/v2\/wp-json\/wp\/v2\/posts\/17157\/revisions"}],"predecessor-version":[{"id":17159,"href":"https:\/\/agendaparaguay.com\/v2\/wp-json\/wp\/v2\/posts\/17157\/revisions\/17159"}],"wp:featuredmedia":[{"embeddable":true,"href":"https:\/\/agendaparaguay.com\/v2\/wp-json\/wp\/v2\/media\/4918"}],"wp:attachment":[{"href":"https:\/\/agendaparaguay.com\/v2\/wp-json\/wp\/v2\/media?parent=17157"}],"wp:term":[{"taxonomy":"category","embeddable":true,"href":"https:\/\/agendaparaguay.com\/v2\/wp-json\/wp\/v2\/categories?post=17157"},{"taxonomy":"post_tag","embeddable":true,"href":"https:\/\/agendaparaguay.com\/v2\/wp-json\/wp\/v2\/tags?post=17157"}],"curies":[{"name":"wp","href":"https:\/\/api.w.org\/{rel}","templated":true}]}}