{"id":17174,"date":"2020-01-28T13:00:51","date_gmt":"2020-01-28T16:00:51","guid":{"rendered":"http:\/\/agendaparaguay.com\/v2\/?p=17174"},"modified":"2020-01-28T11:38:43","modified_gmt":"2020-01-28T14:38:43","slug":"transfieren-a-favor-del-indert-68-000-hectareas","status":"publish","type":"post","link":"https:\/\/agendaparaguay.com\/v2\/2020\/01\/28\/transfieren-a-favor-del-indert-68-000-hectareas\/","title":{"rendered":"Transfieren a favor del Indert 68.000 hect\u00e1reas"},"content":{"rendered":"<p style=\"text-align: justify;\">Esta ma\u00f1ana, en acto realizado en Palacio de L\u00f3pez, se concret\u00f3 la hist\u00f3rica transferencia e inscripci\u00f3n de las tierras de la Ex Finap (Financiera Piccolo SA), de unas 68.000 hect\u00e1reas a favor del Instituto Nacional de Desarrollo Rural y de la Tierra (Indert) por parte del Banco Nacional de Fomento (BNF) y con ello se espera beneficiar a unas 11.000 familias.<!--more--><\/p>\n<p style=\"text-align: justify;\">Del acto, particip\u00f3 el Mario Abdo Ben\u00edtez, junto a ministros del Poder Ejecutivo y representantes de las familias beneficiadas, adem\u00e1s de varios legisladores.<\/p>\n<p style=\"text-align: justify;\">El titular del Banco Nacional de Fomento (BNF) Carlos Florentin, comprometi\u00f3 el \u201cbuen uso\u201d que se le dar\u00e1 a las tierras que fueron activos de la instituci\u00f3n.<\/p>\n<p style=\"text-align: justify;\">Dicho proceso permiti\u00f3 la regularizaci\u00f3n de m\u00e1s de 68.000 hect\u00e1reas en beneficio de miles de familias que habitan desde hace varios a\u00f1os en estas localidades. Para este tr\u00e1mite se logr\u00f3 levantar temporalmente la Acordada N\u00b0 84\/98 de la Corte Suprema de Justicia (CSJ).<\/p>\n<p style=\"text-align: justify;\">Asisti\u00f3 del acto de firma de documento, la senadora Hermelinda Alvarenga, en calidad de titular de la Comisi\u00f3n de Asuntos Ind\u00edgenas del Senado, atendiendo que las tierras tambi\u00e9n beneficiar\u00e1n a los nativos.<\/p>\n<p style=\"text-align: justify;\">En este contexto,, Vidal Gauto, l\u00edder de la comunidad nativa Paraje Puku, de la localidad de San Joaqu\u00edn, en el departamento de Caaguaz\u00fa, agradeci\u00f3 al Gobierno por tenerlos en cuenta y priorizar sus necesidades. Sobre el punto precis\u00f3 que en su zona son seis las comunidades ind\u00edgenas que ser\u00e1n favorecidas.<\/p>\n<p style=\"text-align: justify;\">El titular del Indert, Mario Vega, ratific\u00f3 que el inmueble ser\u00e1 destinado a familias sujetas de la reforma agraria y reconoci\u00f3 que el apoyo de la Corte Suprema de Justicia y el BNF fue fundamental para la transferencia. Coin informaci\u00f3n de Ip.<\/p>\n","protected":false},"excerpt":{"rendered":"<p>Esta ma\u00f1ana, en acto realizado en Palacio de L\u00f3pez, se concret\u00f3 la hist\u00f3rica transferencia e inscripci\u00f3n de las tierras de la Ex Finap (Financiera Piccolo SA), de unas 68.000 hect\u00e1reas&hellip; <\/p>\n","protected":false},"author":1,"featured_media":17177,"comment_status":"open","ping_status":"open","sticky":false,"template":"","format":"standard","meta":{"sfsi_plus_gutenberg_text_before_share":"","sfsi_plus_gutenberg_show_text_before_share":"","sfsi_plus_gutenberg_icon_type":"","sfsi_plus_gutenberg_icon_alignemt":"","sfsi_plus_gutenburg_max_per_row":"","footnotes":"","_jetpack_memberships_contains_paid_content":false,"jetpack_publicize_message":"","jetpack_publicize_feature_enabled":true,"jetpack_social_post_already_shared":false,"jetpack_social_options":{"image_generator_settings":{"template":"highway","enabled":false},"version":2}},"categories":[2],"tags":[],"jetpack_publicize_connections":[],"jetpack_sharing_enabled":true,"jetpack_featured_media_url":"https:\/\/agendaparaguay.com\/v2\/wp-content\/uploads\/2020\/01\/marito_acuerdo_hermelinda.jpeg","_links":{"self":[{"href":"https:\/\/agendaparaguay.com\/v2\/wp-json\/wp\/v2\/posts\/17174"}],"collection":[{"href":"https:\/\/agendaparaguay.com\/v2\/wp-json\/wp\/v2\/posts"}],"about":[{"href":"https:\/\/agendaparaguay.com\/v2\/wp-json\/wp\/v2\/types\/post"}],"author":[{"embeddable":true,"href":"https:\/\/agendaparaguay.com\/v2\/wp-json\/wp\/v2\/users\/1"}],"replies":[{"embeddable":true,"href":"https:\/\/agendaparaguay.com\/v2\/wp-json\/wp\/v2\/comments?post=17174"}],"version-history":[{"count":1,"href":"https:\/\/agendaparaguay.com\/v2\/wp-json\/wp\/v2\/posts\/17174\/revisions"}],"predecessor-version":[{"id":17176,"href":"https:\/\/agendaparaguay.com\/v2\/wp-json\/wp\/v2\/posts\/17174\/revisions\/17176"}],"wp:featuredmedia":[{"embeddable":true,"href":"https:\/\/agendaparaguay.com\/v2\/wp-json\/wp\/v2\/media\/17177"}],"wp:attachment":[{"href":"https:\/\/agendaparaguay.com\/v2\/wp-json\/wp\/v2\/media?parent=17174"}],"wp:term":[{"taxonomy":"category","embeddable":true,"href":"https:\/\/agendaparaguay.com\/v2\/wp-json\/wp\/v2\/categories?post=17174"},{"taxonomy":"post_tag","embeddable":true,"href":"https:\/\/agendaparaguay.com\/v2\/wp-json\/wp\/v2\/tags?post=17174"}],"curies":[{"name":"wp","href":"https:\/\/api.w.org\/{rel}","templated":true}]}}