{"id":17221,"date":"2020-01-29T19:00:00","date_gmt":"2020-01-29T22:00:00","guid":{"rendered":"http:\/\/agendaparaguay.com\/v2\/?p=17221"},"modified":"2020-01-29T16:43:49","modified_gmt":"2020-01-29T19:43:49","slug":"con-control-de-financiamiento-politico-tendremos-mejores-gobernantes","status":"publish","type":"post","link":"https:\/\/agendaparaguay.com\/v2\/2020\/01\/29\/con-control-de-financiamiento-politico-tendremos-mejores-gobernantes\/","title":{"rendered":"\u00abCon control de financiamiento pol\u00edtico tendremos mejores gobernantes\u00bb"},"content":{"rendered":"<p style=\"text-align: justify;\">\u00abCon el control de financiamiento pol\u00edtico tendremos mejores gobernantes\u00bb, se\u00f1al\u00f3 hoy la Diputada Roc\u00edo Vallejo en el marco del estudio de la propuesta de normativa en la c\u00e1mara de Diputados.<!--more--><\/p>\n<p style=\"text-align: justify;\">La sesi\u00f3n ordinaria est\u00e1 prevista para el pr\u00f3ximo 4 de febrero, fecha en que la c\u00e1mara baja se pronunciar\u00e1 sobre la transparencia del origen de fondos a ser utilizados en campa\u00f1as electorales.<\/p>\n<p style=\"text-align: justify;\">La legisladora indic\u00f3 que junto a sus asesores realizaron ajustes t\u00e9cnicos al proyecto de ley, que fueron objetados por algunos referentes pol\u00edticos. Ratific\u00f3 que cada candidato debe rendir cuentas sobre el origen de su dinero utilizado en la campa\u00f1a.<\/p>\n<p>En relaci\u00f3n a las sugerencias de cambios elevados por el ministro Carlos Arregui de la Secretaria de Prevenci\u00f3n de Lavado de Dinero (Seprelad), Vallejo refiri\u00f3 que dicha propuesta tambi\u00e9n fue incorporada al texto.<\/p>\n<p style=\"text-align: justify;\">Cabe destacar que existen varias bancadas ya se pronunciaron respecto a la propuesta de normativa y coincidieron en se\u00f1alar que la ley ser\u00e1 inaplicable.<\/p>\n","protected":false},"excerpt":{"rendered":"<p>\u00abCon el control de financiamiento pol\u00edtico tendremos mejores gobernantes\u00bb, se\u00f1al\u00f3 hoy la Diputada Roc\u00edo Vallejo en el marco del estudio de la propuesta de normativa en la c\u00e1mara de Diputados.<\/p>\n","protected":false},"author":1,"featured_media":15677,"comment_status":"open","ping_status":"open","sticky":false,"template":"","format":"standard","meta":{"sfsi_plus_gutenberg_text_before_share":"","sfsi_plus_gutenberg_show_text_before_share":"","sfsi_plus_gutenberg_icon_type":"","sfsi_plus_gutenberg_icon_alignemt":"","sfsi_plus_gutenburg_max_per_row":"","footnotes":"","_jetpack_memberships_contains_paid_content":false,"jetpack_publicize_message":"","jetpack_publicize_feature_enabled":true,"jetpack_social_post_already_shared":false,"jetpack_social_options":{"image_generator_settings":{"template":"highway","enabled":false},"version":2}},"categories":[4],"tags":[],"jetpack_publicize_connections":[],"jetpack_sharing_enabled":true,"jetpack_featured_media_url":"https:\/\/agendaparaguay.com\/v2\/wp-content\/uploads\/2019\/12\/dip_rocio_vallejos.jpg","_links":{"self":[{"href":"https:\/\/agendaparaguay.com\/v2\/wp-json\/wp\/v2\/posts\/17221"}],"collection":[{"href":"https:\/\/agendaparaguay.com\/v2\/wp-json\/wp\/v2\/posts"}],"about":[{"href":"https:\/\/agendaparaguay.com\/v2\/wp-json\/wp\/v2\/types\/post"}],"author":[{"embeddable":true,"href":"https:\/\/agendaparaguay.com\/v2\/wp-json\/wp\/v2\/users\/1"}],"replies":[{"embeddable":true,"href":"https:\/\/agendaparaguay.com\/v2\/wp-json\/wp\/v2\/comments?post=17221"}],"version-history":[{"count":3,"href":"https:\/\/agendaparaguay.com\/v2\/wp-json\/wp\/v2\/posts\/17221\/revisions"}],"predecessor-version":[{"id":17235,"href":"https:\/\/agendaparaguay.com\/v2\/wp-json\/wp\/v2\/posts\/17221\/revisions\/17235"}],"wp:featuredmedia":[{"embeddable":true,"href":"https:\/\/agendaparaguay.com\/v2\/wp-json\/wp\/v2\/media\/15677"}],"wp:attachment":[{"href":"https:\/\/agendaparaguay.com\/v2\/wp-json\/wp\/v2\/media?parent=17221"}],"wp:term":[{"taxonomy":"category","embeddable":true,"href":"https:\/\/agendaparaguay.com\/v2\/wp-json\/wp\/v2\/categories?post=17221"},{"taxonomy":"post_tag","embeddable":true,"href":"https:\/\/agendaparaguay.com\/v2\/wp-json\/wp\/v2\/tags?post=17221"}],"curies":[{"name":"wp","href":"https:\/\/api.w.org\/{rel}","templated":true}]}}